{"id":167682,"date":"2023-09-01T10:07:59","date_gmt":"2023-09-01T08:07:59","guid":{"rendered":"https:\/\/www.messinaoggi.it\/website\/2023\/09\/01\/ue-mattarella-riformare-i-trattati-per-affrontare-sfide-complesse\/"},"modified":"2023-09-01T10:07:59","modified_gmt":"2023-09-01T08:07:59","slug":"ue-mattarella-riformare-i-trattati-per-affrontare-sfide-complesse","status":"publish","type":"post","link":"https:\/\/www.messinaoggi.it\/website\/2023\/09\/01\/ue-mattarella-riformare-i-trattati-per-affrontare-sfide-complesse\/","title":{"rendered":"Ue, Mattarella \u201cRiformare i trattati per affrontare sfide complesse\u201d"},"content":{"rendered":"<div>ROMA (ITALPRESS) &#8211; &#8220;L&#8217;Europa \u00e8 il quadro entro il quale si costruisce il nostro avvenire, con le lacune che accompagnano il processo di integrazione europea, fattore che trasforma e plasma anche il nostro modello sociale. Pace e sicurezza, cos\u00ec come crescita e benessere dei popoli, passano attraverso la capacit\u00e0 dell&#8217;Unione europea di rappresentare un fattore di stabilit\u00e0 e attrazione per chi crede nei valori della libert\u00e0, dell&#8217;indipendenza, della democrazia&#8221;. Lo scrive il presidente della Repubblica, Sergio Mattarella, in un messaggio inviato in occasione del Forum organizzato da The European House &#8211; Ambrosetti a Cernobbio.<br \/>&#8220;Nessun Paese del Continente &#8211;  neppure i maggiori per dimensioni o reddito &#8211; pu\u00f2 pensare a un futuro separato da quello degli altri: sarebbe una fuga dalla realt\u00e0 e, prima ancora di un&#8217;illusione, un atto controproducente &#8211; prosegue Mattarella -. Il tradizionale Forum, organizzato da The European House &#8211; Ambrosetti, chiamando responsabili politici, operatori economici e finanziari, intellettuali e dirigenti di forze sociali a un confronto su scala sovranazionale, costituisce un&#8217;interessante occasione di riflessione sugli scenari posti davanti a noi e sulle linee di azione utili a far avanzare l&#8217;intera Unione europea, condizione primaria di sostenibilit\u00e0 per i Paesi membri.<br \/>Le sfide di fronte alle quali ci troviamo sono sempre pi\u00f9 complesse&#8221;.<br \/>&#8220;Si pu\u00f2 sostenere che le crisi finanziarie globali, i caratteri inediti della competizione geopolitica, l&#8217;esperienza della pandemia, la crisi climatica, la stessa guerra determinata dall&#8217;aggressione da parte della Federazione Russa all&#8217;Ucraina, abbiano costituito un rallentamento alla globalizzazione. Ma non si pu\u00f2 certo dedurre che l&#8217;interdipendenza ne sia stata ridimensionata. Sarebbe una fuga dalla realt\u00e0 ignorare le problematiche presenti nell&#8217;agenda mondiale &#8211; conclude il capo dello Stato -. Va quindi sempre pi\u00f9 rafforzata la capacit\u00e0 dell&#8217;Unione europea di essere un interlocutore politico globale. <br \/>La Conferenza sul futuro dell&#8217;Europa ha aperto il cantiere di una riforma che dovr\u00e0 inevitabilmente migliorare i Trattati vigenti. <br \/>Non possiamo che augurarci che la prossima Legislatura europea porti nuova energia, anche grazie all&#8217;impulso del Parlamento europeo e del mandato popolare che gli verr\u00e0 rinnovato. La storia presenta sempre il conto delle occasioni perdute&#8221;.<div id=\"div-gpt-ad-Messinaoggi.it-DSK-300x250-corpoart\" style=\"text-align:center;margin:0 auto;\"><\/div><\/p>\n<p>&#8211; Foto ufficio stampa Quirinale &#8211;<div id=\"videoincontent\" style=\"clear:both\";><\/div><\/p>\n<p>(ITALPRESS).<\/p><\/div>\n","protected":false},"excerpt":{"rendered":"<p>ROMA (ITALPRESS) &#8211; &#8220;L&#8217;Europa \u00e8 il quadro entro il quale si costruisce il nostro avvenire, con le lacune che accompagnano il processo di integrazione europea, fattore che trasforma e plasma anche il nostro modello sociale. Pace e sicurezza, cos\u00ec come crescita e benessere dei popoli, passano attraverso la capacit\u00e0 dell&#8217;Unione europea di rappresentare un fattore [&hellip;]<\/p>\n","protected":false},"author":18,"featured_media":167683,"comment_status":"closed","ping_status":"closed","sticky":false,"template":"","format":"standard","meta":{"ub_ctt_via":"","_mi_skip_tracking":false},"categories":[446],"tags":[783],"featured_image_src":"https:\/\/www.messinaoggi.it\/website\/wp-content\/uploads\/2023\/09\/20230901_0130.jpg","author_info":{"display_name":"Admin","author_link":"https:\/\/www.messinaoggi.it\/website\/author\/admin\/"},"digistream_id":0,"digistream":false,"_links":{"self":[{"href":"https:\/\/www.messinaoggi.it\/website\/wp-json\/wp\/v2\/posts\/167682"}],"collection":[{"href":"https:\/\/www.messinaoggi.it\/website\/wp-json\/wp\/v2\/posts"}],"about":[{"href":"https:\/\/www.messinaoggi.it\/website\/wp-json\/wp\/v2\/types\/post"}],"author":[{"embeddable":true,"href":"https:\/\/www.messinaoggi.it\/website\/wp-json\/wp\/v2\/users\/18"}],"replies":[{"embeddable":true,"href":"https:\/\/www.messinaoggi.it\/website\/wp-json\/wp\/v2\/comments?post=167682"}],"version-history":[{"count":0,"href":"https:\/\/www.messinaoggi.it\/website\/wp-json\/wp\/v2\/posts\/167682\/revisions"}],"wp:featuredmedia":[{"embeddable":true,"href":"https:\/\/www.messinaoggi.it\/website\/wp-json\/wp\/v2\/media\/167683"}],"wp:attachment":[{"href":"https:\/\/www.messinaoggi.it\/website\/wp-json\/wp\/v2\/media?parent=167682"}],"wp:term":[{"taxonomy":"category","embeddable":true,"href":"https:\/\/www.messinaoggi.it\/website\/wp-json\/wp\/v2\/categories?post=167682"},{"taxonomy":"post_tag","embeddable":true,"href":"https:\/\/www.messinaoggi.it\/website\/wp-json\/wp\/v2\/tags?post=167682"}],"curies":[{"name":"wp","href":"https:\/\/api.w.org\/{rel}","templated":true}]}}