{"id":167673,"date":"2023-09-01T09:08:06","date_gmt":"2023-09-01T07:08:06","guid":{"rendered":"https:\/\/www.messinaoggi.it\/website\/2023\/09\/01\/lavoro-calderone-nuovo-portale-ha-gia-decine-di-migliaia-di-offerte\/"},"modified":"2023-09-01T09:08:06","modified_gmt":"2023-09-01T07:08:06","slug":"lavoro-calderone-nuovo-portale-ha-gia-decine-di-migliaia-di-offerte","status":"publish","type":"post","link":"https:\/\/www.messinaoggi.it\/website\/2023\/09\/01\/lavoro-calderone-nuovo-portale-ha-gia-decine-di-migliaia-di-offerte\/","title":{"rendered":"Lavoro, Calderone \u201cNuovo portale ha gi\u00e0 decine di migliaia di offerte\u201d"},"content":{"rendered":"<div>ROMA (ITALPRESS) &#8211; &#8220;Il nostro obiettivo \u00e8 di migliorare l&#8217;occupabilit\u00e0 attraverso la formazione ma anche agevolando l&#8217;incontro fra domanda e offerta di lavoro. C&#8217;\u00e8 grande partecipazione attorno a questa nostra iniziativa: la piattaforma ha gi\u00e0 centinaia di migliaia di posti per corsi di formazione e decine di migliaia di vacancy (offerte di lavoro)&#8221;. Lo dice in un&#8217;intervista al Corriere della Sera il ministro del Lavoro e delle Politiche Sociali, Marina Calderone, in merito al nuovo portale SIISL (Sistema informativo per l&#8217;inclusione sociale e lavorativa).<br \/>&#8220;In base agli ultimi dati disponibili Unioncamere &#8211; Excelsior abbiamo una situazione diffusa di posti vacanti. Certamente, ci sono zone che risentono di pi\u00f9 della distanza fra la necessit\u00e0 di determinati profili e la disponibilit\u00e0 degli stessi &#8211; sottolinea il ministro -. Stiamo avviando un tavolo tecnico permanente con le regioni per fare in modo che la formazione professionale, di competenza regionale, sia pi\u00f9 adeguata alla domanda. Inoltre, abbiamo coinvolto le Agenzie per il lavoro private ed il sistema dei fondi interprofessionali, soggetti che dialogano direttamente con le imprese&#8221;.<br \/>&#8220;I numeri a nostra disposizione ci dicono che possiamo gestire quanti usciranno dal reddito di cittadinanza entro fine anno. Con la suddivisione delle platee abbiamo messo in evidenza un aspetto importante &#8211; prosegue -: chi si attiva sar\u00e0 aiutato, perch\u00e8 ci deve essere il nostro impegno ma anche quello del soggetto interessato che manifesti la sua volont\u00e0 a essere accompagnato in un percorso di formazione e riqualificazione ma anche di lavoro. Non promettiamo un &#8220;lavoro di Stato&#8221;, ma chi presenter\u00e0 la domanda sar\u00e0 preso in carico tempestivamente dal Cpi e dalle Agenzie. Sar\u00e0 questa la vera discontinuit\u00e0 rispetto al passato&#8221;.<br \/>&#8220;Le Regioni stanno affrontando la transizione al nuovo Sistema di inclusione sociale e lavorativa inserendo nella piattaforma informazioni e dati in loro possesso &#8211; dice ancora Calderone -. Esiste la consapevolezza che i numeri siano gestibili sia sul fronte della presa in carico che degli strumenti a disposizione: corsi di formazione, offerte di lavoro e Puc (progetti utili alla collettivit\u00e0)&#8221;.<div id=\"div-gpt-ad-Messinaoggi.it-DSK-300x250-corpoart\" style=\"text-align:center;margin:0 auto;\"><\/div><\/p>\n<p>&#8211; foto: Agenzia Fotogramma &#8211;<div id=\"videoincontent\" style=\"clear:both\";><\/div><\/p>\n<p>(ITALPRESS).<\/p><\/div>\n","protected":false},"excerpt":{"rendered":"<p>ROMA (ITALPRESS) &#8211; &#8220;Il nostro obiettivo \u00e8 di migliorare l&#8217;occupabilit\u00e0 attraverso la formazione ma anche agevolando l&#8217;incontro fra domanda e offerta di lavoro. C&#8217;\u00e8 grande partecipazione attorno a questa nostra iniziativa: la piattaforma ha gi\u00e0 centinaia di migliaia di posti per corsi di formazione e decine di migliaia di vacancy (offerte di lavoro)&#8221;. Lo dice [&hellip;]<\/p>\n","protected":false},"author":18,"featured_media":167674,"comment_status":"closed","ping_status":"closed","sticky":false,"template":"","format":"standard","meta":{"ub_ctt_via":"","_mi_skip_tracking":false},"categories":[446],"tags":[783],"featured_image_src":"https:\/\/www.messinaoggi.it\/website\/wp-content\/uploads\/2023\/09\/20230901_0075.jpg","author_info":{"display_name":"Admin","author_link":"https:\/\/www.messinaoggi.it\/website\/author\/admin\/"},"digistream_id":0,"digistream":false,"_links":{"self":[{"href":"https:\/\/www.messinaoggi.it\/website\/wp-json\/wp\/v2\/posts\/167673"}],"collection":[{"href":"https:\/\/www.messinaoggi.it\/website\/wp-json\/wp\/v2\/posts"}],"about":[{"href":"https:\/\/www.messinaoggi.it\/website\/wp-json\/wp\/v2\/types\/post"}],"author":[{"embeddable":true,"href":"https:\/\/www.messinaoggi.it\/website\/wp-json\/wp\/v2\/users\/18"}],"replies":[{"embeddable":true,"href":"https:\/\/www.messinaoggi.it\/website\/wp-json\/wp\/v2\/comments?post=167673"}],"version-history":[{"count":0,"href":"https:\/\/www.messinaoggi.it\/website\/wp-json\/wp\/v2\/posts\/167673\/revisions"}],"wp:featuredmedia":[{"embeddable":true,"href":"https:\/\/www.messinaoggi.it\/website\/wp-json\/wp\/v2\/media\/167674"}],"wp:attachment":[{"href":"https:\/\/www.messinaoggi.it\/website\/wp-json\/wp\/v2\/media?parent=167673"}],"wp:term":[{"taxonomy":"category","embeddable":true,"href":"https:\/\/www.messinaoggi.it\/website\/wp-json\/wp\/v2\/categories?post=167673"},{"taxonomy":"post_tag","embeddable":true,"href":"https:\/\/www.messinaoggi.it\/website\/wp-json\/wp\/v2\/tags?post=167673"}],"curies":[{"name":"wp","href":"https:\/\/api.w.org\/{rel}","templated":true}]}}