{"id":16764,"date":"2018-03-12T17:25:06","date_gmt":"2018-03-12T16:25:06","guid":{"rendered":"http:\/\/www.messinaoggi.it\/website\/?p=16764"},"modified":"2018-03-12T17:25:06","modified_gmt":"2018-03-12T16:25:06","slug":"cuce-allamam-burrascano-procedura-legittima-e-quella-lettera-di-ialacqua","status":"publish","type":"post","link":"https:\/\/www.messinaoggi.it\/website\/2018\/03\/12\/cuce-allamam-burrascano-procedura-legittima-e-quella-lettera-di-ialacqua\/","title":{"rendered":"Cuc\u00e8 all&#039;Amam, Burrascano: &quot;Procedura legittima?&quot; e quella lettera di Ialacqua&#8230;"},"content":{"rendered":"<p style=\"text-align: justify;\">Tutto nascerebbe dalla nota inviata dall\u2019assessore all\u2019Ambiente, Daniele Ialacqua, ai vertici di Messinambiente ed Amam, l\u20198 gennaio scorso, in merito al trasferimento di Natale Cuc\u00e8 alla societ\u00e0 del viale Giostra. Trasferimento che si era concretizzato appena quattro giorni prima e Ialacqua pose le \u201c<em>sue perplessit\u00e0 in merito alla legittimit\u00e0 di tale distacco, considerato che l\u2019accordo stipulato tra le due societ\u00e0 aveva a fondamento la dichiarazione d\u2019eccedenza del dirigente Cuc\u00e8\u201d<\/em>, cos\u00ec come dichiarato dalla nota del liquidatore di Messinambiente, Giovanni Calabr\u00f2, il 28 dicembre scorso.<div id=\"div-gpt-ad-Messinaoggi.it-DSK-300x250-corpoart\" style=\"text-align:center;margin:0 auto;\"><\/div><\/p>\n<div id=\"attachment_185\" style=\"width: 310px\" class=\"wp-caption alignnone\"><img aria-describedby=\"caption-attachment-185\" loading=\"lazy\" class=\"wp-image-185 size-medium\" src=\"http:\/\/www.messinaoggi.it\/website\/wp-content\/uploads\/2017\/05\/daniele-ialacqua-messinaoggi-300x200.jpg\" alt=\"\" width=\"300\" height=\"200\" \/><p id=\"caption-attachment-185\" class=\"wp-caption-text\">L&#8217;assessore Daniele Ialacqua<\/p><\/div>\n<p style=\"text-align: justify;\">Calabr\u00f2 dichiarava la <em>\u201cdisponibilit\u00e0 in eccedenza del suddetto dipendente e conseguentemente la disponibilit\u00e0 a valutare la procedura di accordo per la mobilit\u00e0\u201d<\/em> Un iter che per\u00f2 ha convinto poco Ialacqua, che infatti ha sottolineato come <em>\u201ctale richiesta \u00e8 in violazione, oltre che della stessa transazione, anche della normativa richiamata che prevede la mobilit\u00e0 del personale tra partecipate \u00a0solo nel caso in cui venisse dichiarato eccedente, ipotesi che viene negata a stretto giro dalla richiesta di distacco avanzata da Messinambiente dopo aver concluso appena pochi giorni fa le procedure di mobilit\u00e0 del suddetto dipendente ad Amam<\/em>\u201d.<div id=\"videoincontent\" style=\"clear:both\";><\/div><\/p>\n<p style=\"text-align: justify;\">Ialacqua chiede di valutare al meglio la legittimit\u00e0 del trasferimento, per non incappare in ulteriori danni erariali a carico del Comune. A volerci vedere chiaro \u00e8 anche il capogruppo del Megafono, Angelo Burrascano, che ha gi\u00e0 inoltrato richiesta di accesso agli atti: <em>\u201cLe perplessit\u00e0 di Ialacqua sono anche le mie \u2013 ha sottolineato \u2013 il trasferimento non \u00e8 previsto n\u00e9 dalla norma contrattuale n\u00e9 dalla legge. Non vorrei che l\u2019Amam assumendo Cuc\u00e8 possa fare dei danni, vorrei capire se tutto \u00e8 stato fatto in regola. Mander\u00e0 una lettera all\u2019Anac e\u00a0 all\u2019assessorato regionale agli Enti Locali, chiedendo che venga fatta un\u2019attivit\u00e0 ispettiva\u201d<\/em>. Secondo Burrascano doveva essere interpellato anche il Consiglio Comunale: <em>\u201cDoveva essere fatta una delibera che non \u00e8 mai stata presentata, i passaggi in mobilit\u00e0 per il comparto possono essere fatti liberamente per i dirigenti invece, che non hanno un contratto pubblico, doveva essere fatta una procedura diversa\u201d<\/em><\/p>\n","protected":false},"excerpt":{"rendered":"<p>Tutto nascerebbe dalla nota inviata dall\u2019assessore all\u2019Ambiente, Daniele Ialacqua, ai vertici di Messinambiente ed Amam, l\u20198 gennaio scorso, in merito al trasferimento di Natale Cuc\u00e8 alla societ\u00e0 del viale Giostra. Trasferimento che si era concretizzato appena quattro giorni prima e Ialacqua pose le \u201csue perplessit\u00e0 in merito alla legittimit\u00e0 di tale distacco, considerato che l\u2019accordo [&hellip;]<\/p>\n","protected":false},"author":14,"featured_media":12293,"comment_status":"closed","ping_status":"open","sticky":false,"template":"","format":"standard","meta":{"ub_ctt_via":"","_mi_skip_tracking":false},"categories":[4],"tags":[],"featured_image_src":"https:\/\/www.messinaoggi.it\/website\/wp-content\/uploads\/2017\/12\/burrascano.jpg","author_info":{"display_name":"Antonio Macauda","author_link":"https:\/\/www.messinaoggi.it\/website\/author\/a-macauda\/"},"digistream_id":0,"digistream":false,"_links":{"self":[{"href":"https:\/\/www.messinaoggi.it\/website\/wp-json\/wp\/v2\/posts\/16764"}],"collection":[{"href":"https:\/\/www.messinaoggi.it\/website\/wp-json\/wp\/v2\/posts"}],"about":[{"href":"https:\/\/www.messinaoggi.it\/website\/wp-json\/wp\/v2\/types\/post"}],"author":[{"embeddable":true,"href":"https:\/\/www.messinaoggi.it\/website\/wp-json\/wp\/v2\/users\/14"}],"replies":[{"embeddable":true,"href":"https:\/\/www.messinaoggi.it\/website\/wp-json\/wp\/v2\/comments?post=16764"}],"version-history":[{"count":0,"href":"https:\/\/www.messinaoggi.it\/website\/wp-json\/wp\/v2\/posts\/16764\/revisions"}],"wp:featuredmedia":[{"embeddable":true,"href":"https:\/\/www.messinaoggi.it\/website\/wp-json\/wp\/v2\/media\/12293"}],"wp:attachment":[{"href":"https:\/\/www.messinaoggi.it\/website\/wp-json\/wp\/v2\/media?parent=16764"}],"wp:term":[{"taxonomy":"category","embeddable":true,"href":"https:\/\/www.messinaoggi.it\/website\/wp-json\/wp\/v2\/categories?post=16764"},{"taxonomy":"post_tag","embeddable":true,"href":"https:\/\/www.messinaoggi.it\/website\/wp-json\/wp\/v2\/tags?post=16764"}],"curies":[{"name":"wp","href":"https:\/\/api.w.org\/{rel}","templated":true}]}}