{"id":167594,"date":"2023-08-31T12:54:48","date_gmt":"2023-08-31T10:54:48","guid":{"rendered":"http:\/\/www.messinaoggi.it\/website\/?p=167594"},"modified":"2023-08-31T12:54:50","modified_gmt":"2023-08-31T10:54:50","slug":"caro-affitti-commerciali-santoro-siamo-strozzati","status":"publish","type":"post","link":"https:\/\/www.messinaoggi.it\/website\/2023\/08\/31\/caro-affitti-commerciali-santoro-siamo-strozzati\/","title":{"rendered":"Caro affitti commerciali, Santoro: &#8220;Siamo strozzati&#8221;"},"content":{"rendered":"\n<p>Due bar storici di viale San Martino hanno chiuso i battenti e presto anche altri abbasseranno per sempre la saracinesche. Non \u00e8 colpa della crisi, n\u00e9 delle scelte amministrative: secondo Lino Santoro Amante, referente provinciale della PMI Sicilia, la colpa \u00e8 da ascrivere al caro affitti del commerciale.<div id=\"div-gpt-ad-Messinaoggi.it-DSK-300x250-corpoart\" style=\"text-align:center;margin:0 auto;\"><\/div><\/p>\n\n\n\n<figure class=\"wp-block-image size-large\"><img loading=\"lazy\" width=\"1024\" height=\"768\" src=\"http:\/\/www.messinaoggi.it\/website\/wp-content\/uploads\/2023\/05\/0-4-1024x768.jpg\" alt=\"\" class=\"wp-image-154571\" srcset=\"https:\/\/www.messinaoggi.it\/website\/wp-content\/uploads\/2023\/05\/0-4-1024x768.jpg 1024w, https:\/\/www.messinaoggi.it\/website\/wp-content\/uploads\/2023\/05\/0-4-300x225.jpg 300w, https:\/\/www.messinaoggi.it\/website\/wp-content\/uploads\/2023\/05\/0-4-768x576.jpg 768w, https:\/\/www.messinaoggi.it\/website\/wp-content\/uploads\/2023\/05\/0-4.jpg 1207w\" sizes=\"(max-width: 1024px) 100vw, 1024px\" \/><\/figure>\n\n\n\n<p>&#8220;Siamo letteralmente strozzati, due locali storici di viale San Martino hanno chiuso recentemente ed altri lo faranno a breve. Impensabile in una citt\u00e0 come Messina pagare anche decine di migliaia di euro al mese per gli affitti dei locali. Serve un intervento immediato perch\u00e9 questa sta diventando una emergenza sociale. Se chiudono le attivit\u00e0 commerciali, molti lavoratori rimarranno senza un posto. Siamo veramente alla canna del gas, si sta toccando il fondo&#8221;.<div id=\"videoincontent\" style=\"clear:both\";><\/div><\/p>\n\n\n\n<p>La soluzione per fermare questa preoccupante emorragia Santoro ce l&#8217;ha. &#8220;Serve subito un intervento dell&#8217;amministrazione comunale, serve un regolamento. Qualcosa che \u00e8 stata gi\u00e0 fatta in altre citt\u00e0 d&#8217;Italia, si devono calmierare i prezzi, non possiamo andare avanti cos\u00ec. Non si possono pagare migliaia di euro come decenni addietro quando Messina non conosceva la crisi. Se molte botteghe sono chiuse un motivo deve esserci, i commercianti non possono pi\u00f9 pagare fitti salati. Ormai noi imprenditori siamo in nuovi poveri. Ma il dramma \u00e8 che dietro ci portiamo i dipendenti in questo baratro. Se chiudiamo, loro restano senza lavoro. Mi rivolgo al sindaco Federico Basile e all&#8217;assessore al commercio, Massimo Finocchiaro. Qualcosa il Comune l&#8217;ha fatta venendoci incontro con  l&#8217;occupazione del suolo e la rateizzazione dei tributi. Ma si deve fare ancora di pi\u00f9&#8221;.<\/p>\n\n\n\n<p><\/p>\n","protected":false},"excerpt":{"rendered":"<p>Due bar storici di viale San Martino hanno chiuso i battenti e presto anche altri abbasseranno per sempre la saracinesche. Non \u00e8 colpa della crisi, n\u00e9 delle scelte amministrative: secondo Lino Santoro Amante, referente provinciale della PMI Sicilia, la colpa \u00e8 da ascrivere al caro affitti del commerciale. &#8220;Siamo letteralmente strozzati, due locali storici di [&hellip;]<\/p>\n","protected":false},"author":2,"featured_media":48365,"comment_status":"open","ping_status":"open","sticky":false,"template":"","format":"standard","meta":{"ub_ctt_via":"","_mi_skip_tracking":false},"categories":[6],"tags":[8595,8594,7554],"featured_image_src":"https:\/\/www.messinaoggi.it\/website\/wp-content\/uploads\/2020\/10\/122444913_10220863668973257_2782246404841939251_n.jpg","author_info":{"display_name":"Redazione","author_link":"https:\/\/www.messinaoggi.it\/website\/author\/redazione\/"},"digistream_id":0,"digistream":false,"_links":{"self":[{"href":"https:\/\/www.messinaoggi.it\/website\/wp-json\/wp\/v2\/posts\/167594"}],"collection":[{"href":"https:\/\/www.messinaoggi.it\/website\/wp-json\/wp\/v2\/posts"}],"about":[{"href":"https:\/\/www.messinaoggi.it\/website\/wp-json\/wp\/v2\/types\/post"}],"author":[{"embeddable":true,"href":"https:\/\/www.messinaoggi.it\/website\/wp-json\/wp\/v2\/users\/2"}],"replies":[{"embeddable":true,"href":"https:\/\/www.messinaoggi.it\/website\/wp-json\/wp\/v2\/comments?post=167594"}],"version-history":[{"count":1,"href":"https:\/\/www.messinaoggi.it\/website\/wp-json\/wp\/v2\/posts\/167594\/revisions"}],"predecessor-version":[{"id":167595,"href":"https:\/\/www.messinaoggi.it\/website\/wp-json\/wp\/v2\/posts\/167594\/revisions\/167595"}],"wp:featuredmedia":[{"embeddable":true,"href":"https:\/\/www.messinaoggi.it\/website\/wp-json\/wp\/v2\/media\/48365"}],"wp:attachment":[{"href":"https:\/\/www.messinaoggi.it\/website\/wp-json\/wp\/v2\/media?parent=167594"}],"wp:term":[{"taxonomy":"category","embeddable":true,"href":"https:\/\/www.messinaoggi.it\/website\/wp-json\/wp\/v2\/categories?post=167594"},{"taxonomy":"post_tag","embeddable":true,"href":"https:\/\/www.messinaoggi.it\/website\/wp-json\/wp\/v2\/tags?post=167594"}],"curies":[{"name":"wp","href":"https:\/\/api.w.org\/{rel}","templated":true}]}}