{"id":167592,"date":"2023-08-31T12:08:05","date_gmt":"2023-08-31T10:08:05","guid":{"rendered":"https:\/\/www.messinaoggi.it\/website\/2023\/08\/31\/mattarella-morire-sul-lavoro-e-un-oltraggio-ai-valori-della-convivenza\/"},"modified":"2023-08-31T12:08:05","modified_gmt":"2023-08-31T10:08:05","slug":"mattarella-morire-sul-lavoro-e-un-oltraggio-ai-valori-della-convivenza","status":"publish","type":"post","link":"https:\/\/www.messinaoggi.it\/website\/2023\/08\/31\/mattarella-morire-sul-lavoro-e-un-oltraggio-ai-valori-della-convivenza\/","title":{"rendered":"Mattarella \u201cMorire sul lavoro \u00e8 un oltraggio ai valori della convivenza\u201d"},"content":{"rendered":"<div>TORRE PELLICE (TORINO) (ITALPRESS) &#8211; Per le vittime dell&#8217;incidente ferroviario avvenuto a Brandizzo, nel Torinese, \u00e8 stato osservato un minuto di raccoglimento al convegno di Torre Pellice sul tema &#8220;Il sogno europeista \u00e8 nato qua. Una sfida da completare&#8221;, al quale \u00e8 intervenuto anche il capo dello Stato Sergio Mattarella. &#8220;Tutti quanti abbiamo pensato come morire sul lavoro sia un oltraggio ai valori della convivenza&#8221;, ha detto Mattarella aprendo il suo intervento.<div id=\"div-gpt-ad-Messinaoggi.it-DSK-300x250-corpoart\" style=\"text-align:center;margin:0 auto;\"><\/div><\/p>\n<p>&#8211; foto: ufficio stampa Quirinale &#8211;<div id=\"videoincontent\" style=\"clear:both\";><\/div><\/p>\n<p>(ITALPRESS).<\/p><\/div>\n","protected":false},"excerpt":{"rendered":"<p>TORRE PELLICE (TORINO) (ITALPRESS) &#8211; Per le vittime dell&#8217;incidente ferroviario avvenuto a Brandizzo, nel Torinese, \u00e8 stato osservato un minuto di raccoglimento al convegno di Torre Pellice sul tema &#8220;Il sogno europeista \u00e8 nato qua. Una sfida da completare&#8221;, al quale \u00e8 intervenuto anche il capo dello Stato Sergio Mattarella. &#8220;Tutti quanti abbiamo pensato come [&hellip;]<\/p>\n","protected":false},"author":18,"featured_media":0,"comment_status":"closed","ping_status":"closed","sticky":false,"template":"","format":"standard","meta":{"ub_ctt_via":"","_mi_skip_tracking":false},"categories":[446],"tags":[783],"featured_image_src":null,"author_info":{"display_name":"Admin","author_link":"https:\/\/www.messinaoggi.it\/website\/author\/admin\/"},"digistream_id":0,"digistream":false,"_links":{"self":[{"href":"https:\/\/www.messinaoggi.it\/website\/wp-json\/wp\/v2\/posts\/167592"}],"collection":[{"href":"https:\/\/www.messinaoggi.it\/website\/wp-json\/wp\/v2\/posts"}],"about":[{"href":"https:\/\/www.messinaoggi.it\/website\/wp-json\/wp\/v2\/types\/post"}],"author":[{"embeddable":true,"href":"https:\/\/www.messinaoggi.it\/website\/wp-json\/wp\/v2\/users\/18"}],"replies":[{"embeddable":true,"href":"https:\/\/www.messinaoggi.it\/website\/wp-json\/wp\/v2\/comments?post=167592"}],"version-history":[{"count":0,"href":"https:\/\/www.messinaoggi.it\/website\/wp-json\/wp\/v2\/posts\/167592\/revisions"}],"wp:attachment":[{"href":"https:\/\/www.messinaoggi.it\/website\/wp-json\/wp\/v2\/media?parent=167592"}],"wp:term":[{"taxonomy":"category","embeddable":true,"href":"https:\/\/www.messinaoggi.it\/website\/wp-json\/wp\/v2\/categories?post=167592"},{"taxonomy":"post_tag","embeddable":true,"href":"https:\/\/www.messinaoggi.it\/website\/wp-json\/wp\/v2\/tags?post=167592"}],"curies":[{"name":"wp","href":"https:\/\/api.w.org\/{rel}","templated":true}]}}