{"id":167590,"date":"2023-08-31T12:08:02","date_gmt":"2023-08-31T10:08:02","guid":{"rendered":"https:\/\/www.messinaoggi.it\/website\/2023\/08\/31\/intermodaltrasporti-nel-novarese-terminal-europeo-da-300-mila-mq\/"},"modified":"2023-08-31T12:08:02","modified_gmt":"2023-08-31T10:08:02","slug":"intermodaltrasporti-nel-novarese-terminal-europeo-da-300-mila-mq","status":"publish","type":"post","link":"https:\/\/www.messinaoggi.it\/website\/2023\/08\/31\/intermodaltrasporti-nel-novarese-terminal-europeo-da-300-mila-mq\/","title":{"rendered":"Intermodaltrasporti, nel Novarese terminal europeo da 300 mila mq"},"content":{"rendered":"<div>AGOGNATE (NOVARA) (ITALPRESS) &#8211; Trecentomila metri quadrati di strutture logistiche di ultima generazione, capaci di movimentare traffico merci &#8211; tra ferroviario e stradale &#8211; da e per decine di destinazioni internazionali: \u00e8 la nuova, grande sfida industriale inaugurata oggi ad Agognate, alle porte di Novara, nel nuovo terminal della Intermodaltrasporti, l&#8217;impresa della famiglia imprenditoriale Fiorini, basata a Ferentino (Frosinone), che l&#8217;ha realizzato in sinergia con il Gruppo Fs Italiane attraverso Rfi (Rete ferroviaria italiana) e Mercitalia Logistics.<br \/>&#8220;Abbiamo individuato quest&#8217;area come la pi\u00f9 idonea per lo sviluppo che desideravamo dare alle attivit\u00e0 della nostra azienda sin dal 2016&#8221;, ha spiegato Giorgio Fiorini, amministratore delegato di Intermodaltrasporti, fondata nell&#8217;87 dal padre Pietro, che gestisce con le sorelle Alessandra e Francesca, &#8220;e da allora abbiamo seguito un percorso coerente e serrato di progettualit\u00e0, investimenti e sinergie che oggi ci conduce ad un passo avanti molto importante che riteniamo possa generare valore per il Sistema Paese e per la crescita quantitativa e qualitativa della logistica sostenibile, in piena coerenza con le linee di sviluppo strategico dettate dalle autorit\u00e0 europee&#8221;.<br \/>Il nuovo terminal di Agognate esprime tutte queste potenzialit\u00e0: incrocia due dei nove corridoi europei TEN-T ed \u00e8 quindi stato ritenuto sostenibile anche a livello europeo a seguito del completamento dei lavori e con l&#8217;apertura a terzi della stazione ferroviaria virtuale gi\u00e0 avvenuta a marzo 2023. Dispone di 2 magazzini di 11.000 metri quadrati ciascuno, di cui uno raccordato con binario interno; di un raccordo ferroviario con 7 binari e 2 aste di manovra, collegato con la linea ferroviaria Novara-Biella; di quattro gru semoventi, 2 loco-trattori, 45.000 metri quadrati di aree completamente a servizio della logistica integrata multimodale delle merci e 75.000 metri quadrati di piazzali a servizio dei binari per il carico-scarico dei treni e dei trailer stradali.<br \/>&#8220;Vogliamo intensificare le partnership con gli operatori di altri settori di trasporto e con i clienti in ambito intermodale &#8211; ha commentato l&#8217;amministratore delegato di Mercitalia Logistics Sabrina De Filippis &#8211; per andare verso lo switch modale valorizzando la catena end to end della logistica e avendo sempre come faro la salvaguardia ambientale e lo sviluppo dei territori. Il Polo Logistica del Gruppo FS, attraverso le sue societ\u00e0, \u00e8 in grado di realizzare, per Intermodal Trasporti, servizi per collegare il terminal di Agognate con il centro sud Italia e con i principali Paesi europei attraverso tutti i valichi alpini (via Francia, via Svizzera e via Austria). Questi collegamenti si sviluppano proprio sui principali corridoi della rete TEN-T, in particolare quello Mediterraneo, quello Reno-Alpi. Grazie alla rete di infrastrutture e di terminal del Gruppo, siamo anche in grado di offrire soluzioni alternative da e per i terminal limitrofi, garantendo continuit\u00e0 lungo la catena logistica&#8221;.<br \/>L&#8217;hub di Agognate, diventato stazione merci dal 1\u00b0 marzo 2023, forte di un posizionamento strategico anche come possibile retroporto di interesse per Genova, lo scorso anno ha gi\u00e0 movimentato e gestito 200.000 tonnellate di merci.<br \/>Intermodaltrasporti &#8211; come ha sottolineato con un comunicato il Comune di Novara &#8211; continua a lavorare al potenziamento infrastrutturale di questo terminal, da portare a termine entro il 2025, che prevede l&#8217;ampliamento dei piazzali fino a 100.000 metri quadrati e l&#8217;aggiunta di quattro binari ai tre gi\u00e0 attivi, di cui uno da 740 metri che consentir\u00e0 l&#8217;ingresso di treni dal dimensionamento europeo. <br \/>Tutto ci\u00f2 \u00e8 stato reso possibile dall&#8217;efficace la collaborazione con il Gruppo Fs, oltre che dall&#8217;incisivo e lungimirante supporto finanziario del gruppo Unicredit. &#8220;La nuova realt\u00e0 &#8211; ha rimarcato Giorgio Fiorini &#8211; assicurer\u00e0 nel medio-lungo periodo all&#8217;intera area ferroviaria un notevole incremento di valore per effetto dell&#8217;avviamento generato dalle innovazioni introdotte e migliorie apportate&#8221;.<br \/>Per Alberto Milotti, vicepresidente dell&#8217;associazione europea degli interporti, Europlatform, &#8220;gli operatori italiani dell&#8217;intermodalit\u00e0 sono visti in Europa come dei primattori e possono contare su sicure prospettive di sviluppo, visti i target europei di sostenibilit\u00e0&#8221;. Un concetto, questo, caro anche a Fabio Doria, top-manager di Unicredit Leasing, partner finanziario della Intermodaltrasporti, che ha sottolineato come la vocazione &#8220;alla sostenibilit\u00e0 sociale e ambientale di realt\u00e0 come questa nata ad Agognate attraggano l&#8217;attenzione del mercati finanziari perch\u00e8  concorrono a perseguire gli obiettivi Esg che il sistema si \u00e8 dato&#8221;. Infine Francesca Fiorini, consigliere Intermodal Trasporti e segretario generale di Alis, l&#8217;associazione logistica dell&#8217;intermodalit\u00e0 sostenibile, ha ricordato &#8220;che il Paese pi\u00f9 infrastrutturato e sostenibile che il Pnrr ci consegner\u00e0 tra qualche anno avr\u00e0 bisogno di imprese altrettanto sostenibili e capaci di competere nel mondo facendo sistema tra loro e con il territorio&#8221;.<div id=\"div-gpt-ad-Messinaoggi.it-DSK-300x250-corpoart\" style=\"text-align:center;margin:0 auto;\"><\/div><\/p>\n<p>&#8211; foto Intermodaltrasporti &#8211;<div id=\"videoincontent\" style=\"clear:both\";><\/div><\/p>\n<p>(ITALPRESS).<\/p><\/div>\n","protected":false},"excerpt":{"rendered":"<p>AGOGNATE (NOVARA) (ITALPRESS) &#8211; Trecentomila metri quadrati di strutture logistiche di ultima generazione, capaci di movimentare traffico merci &#8211; tra ferroviario e stradale &#8211; da e per decine di destinazioni internazionali: \u00e8 la nuova, grande sfida industriale inaugurata oggi ad Agognate, alle porte di Novara, nel nuovo terminal della Intermodaltrasporti, l&#8217;impresa della famiglia imprenditoriale Fiorini, [&hellip;]<\/p>\n","protected":false},"author":18,"featured_media":167591,"comment_status":"closed","ping_status":"closed","sticky":false,"template":"","format":"standard","meta":{"ub_ctt_via":"","_mi_skip_tracking":false},"categories":[446],"tags":[783],"featured_image_src":"https:\/\/www.messinaoggi.it\/website\/wp-content\/uploads\/2023\/08\/20230831_0307.jpg","author_info":{"display_name":"Admin","author_link":"https:\/\/www.messinaoggi.it\/website\/author\/admin\/"},"digistream_id":0,"digistream":false,"_links":{"self":[{"href":"https:\/\/www.messinaoggi.it\/website\/wp-json\/wp\/v2\/posts\/167590"}],"collection":[{"href":"https:\/\/www.messinaoggi.it\/website\/wp-json\/wp\/v2\/posts"}],"about":[{"href":"https:\/\/www.messinaoggi.it\/website\/wp-json\/wp\/v2\/types\/post"}],"author":[{"embeddable":true,"href":"https:\/\/www.messinaoggi.it\/website\/wp-json\/wp\/v2\/users\/18"}],"replies":[{"embeddable":true,"href":"https:\/\/www.messinaoggi.it\/website\/wp-json\/wp\/v2\/comments?post=167590"}],"version-history":[{"count":0,"href":"https:\/\/www.messinaoggi.it\/website\/wp-json\/wp\/v2\/posts\/167590\/revisions"}],"wp:featuredmedia":[{"embeddable":true,"href":"https:\/\/www.messinaoggi.it\/website\/wp-json\/wp\/v2\/media\/167591"}],"wp:attachment":[{"href":"https:\/\/www.messinaoggi.it\/website\/wp-json\/wp\/v2\/media?parent=167590"}],"wp:term":[{"taxonomy":"category","embeddable":true,"href":"https:\/\/www.messinaoggi.it\/website\/wp-json\/wp\/v2\/categories?post=167590"},{"taxonomy":"post_tag","embeddable":true,"href":"https:\/\/www.messinaoggi.it\/website\/wp-json\/wp\/v2\/tags?post=167590"}],"curies":[{"name":"wp","href":"https:\/\/api.w.org\/{rel}","templated":true}]}}