{"id":167569,"date":"2023-08-31T11:01:39","date_gmt":"2023-08-31T09:01:39","guid":{"rendered":"http:\/\/www.messinaoggi.it\/website\/?p=167569"},"modified":"2023-08-31T11:01:40","modified_gmt":"2023-08-31T09:01:40","slug":"acr-scatta-la-campagna-abbonamenti-6-euro-a-partita-in-curva","status":"publish","type":"post","link":"https:\/\/www.messinaoggi.it\/website\/2023\/08\/31\/acr-scatta-la-campagna-abbonamenti-6-euro-a-partita-in-curva\/","title":{"rendered":"Acr, scatta la campagna abbonamenti: 6 euro a partita in Curva"},"content":{"rendered":"\n<p>All\u2019impianto sportivo di Bisconte si \u00e8 tenuta la conferenza stampa di presentazione della campagna abbonamenti.Presenti, oltre al responsabile della\u00a0 comunicazione Davide Gambale, anche mister Giacomo Modica e il direttore organizzativo Giuseppe Bellantoni.A prendere la parola \u00e8 l\u2019allenatore della truppa giallorossa il quale ,dopo la presentazione svoltasi in piazza del popolo il 29 agosto, ha voluto ringraziare ed esortare tifosi a dimostrare ancora una volta l\u2019amore per la maglia biancoscudata sottoscrivendo una tessera per seguire tutte le partite in casa della propria squadra.A Spiegare meglio sotto il profilo organizzativo il dettaglio della campagna \u00e8 proprio Bellantone il quale sottolinea soprattutto i prezzi popolari stabiliti, nonostante un piccolo rincaro del prezzo dei biglietti.Lo scopo \u00e8 chiaro, come detto anche dal trainer di Mazara, far riaccendere nei cuori dei messinesi l\u2019entusiasmo per vivere un campionato pi\u00f9 sereno e per ristabilire un bel legame tra la tifoseria e la squadra visto il clima di diffidenza delle ultime annate.<div id=\"div-gpt-ad-Messinaoggi.it-DSK-300x250-corpoart\" style=\"text-align:center;margin:0 auto;\"><\/div><\/p>\n\n\n\n<p>Prezzi vantaggiosi: abbondandosi in curva, si assisteranno a 18 partite al costo di appena 6 euro per gara.<div id=\"videoincontent\" style=\"clear:both\";><\/div><\/p>\n\n\n\n<figure class=\"wp-block-image size-large\"><img loading=\"lazy\" width=\"819\" height=\"1024\" src=\"http:\/\/www.messinaoggi.it\/website\/wp-content\/uploads\/2023\/08\/campagna-819x1024.jpg\" alt=\"\" class=\"wp-image-167570\" srcset=\"https:\/\/www.messinaoggi.it\/website\/wp-content\/uploads\/2023\/08\/campagna-819x1024.jpg 819w, https:\/\/www.messinaoggi.it\/website\/wp-content\/uploads\/2023\/08\/campagna-240x300.jpg 240w, https:\/\/www.messinaoggi.it\/website\/wp-content\/uploads\/2023\/08\/campagna-768x960.jpg 768w, https:\/\/www.messinaoggi.it\/website\/wp-content\/uploads\/2023\/08\/campagna-1229x1536.jpg 1229w, https:\/\/www.messinaoggi.it\/website\/wp-content\/uploads\/2023\/08\/campagna-1638x2048.jpg 1638w, https:\/\/www.messinaoggi.it\/website\/wp-content\/uploads\/2023\/08\/campagna-scaled.jpg 2048w\" sizes=\"(max-width: 819px) 100vw, 819px\" \/><figcaption><strong>I prezzi degli abbonamenti per la stagione sportiva 23\/24<\/strong><\/figcaption><\/figure>\n\n\n\n<p><strong>Match-test, Acr Messina-N. Igea Virtus 4-0<\/strong><\/p>\n\n\n\n<p>\u00c8 un Messina forza 4 quello in campo al \u201cMarullo\u201d di Bisconte. I giallorossi riescono ad imporsi sui barcellonesi della Nuova Igea Virtus con il risultato di 4-0, a seguito di una prova importante sia sul piano fisico che su quello tecnico.Dopo un primo tempo avaro di emozioni \u00e8 il neo arrivato Vincenzo Plescia ad aprire i conti al 64\u2019 minuto, seguito poi dal difensore Michele Ferrara con una bella incornata di testa su assist di Giunta all\u201983\u2019. <\/p>\n\n\n\n<figure class=\"wp-block-image size-large\"><img loading=\"lazy\" width=\"1024\" height=\"696\" src=\"http:\/\/www.messinaoggi.it\/website\/wp-content\/uploads\/2023\/08\/0-1-1024x696.jpg\" alt=\"\" class=\"wp-image-167571\" srcset=\"https:\/\/www.messinaoggi.it\/website\/wp-content\/uploads\/2023\/08\/0-1-1024x696.jpg 1024w, https:\/\/www.messinaoggi.it\/website\/wp-content\/uploads\/2023\/08\/0-1-300x204.jpg 300w, https:\/\/www.messinaoggi.it\/website\/wp-content\/uploads\/2023\/08\/0-1-768x522.jpg 768w, https:\/\/www.messinaoggi.it\/website\/wp-content\/uploads\/2023\/08\/0-1.jpg 1293w\" sizes=\"(max-width: 1024px) 100vw, 1024px\" \/><figcaption><strong>Il messinese Francesco Giunta (foto Saya)<\/strong><\/figcaption><\/figure>\n\n\n\n<p>Da questo momento in poi cade la formazione allenata da mister Pasquale Ferrara, ferita dagli ulteriori sigilli di Plescia all\u201984\u2019 minuto e all\u201986\u2019 da un destro al volo di pregevole fattura dell\u2019ala destra Carlo Cavallo.Buona comunque la prova dell\u2019avversario del Messina, che si \u00e8 messo in mostra in pi\u00f9 di qualche occasione con alcuni dei suoi migliori giocatori quali Isgr\u00f3 e Longo.Nel complesso un ottimo test per i biancoscudati, che nel corso del match hanno provato pi\u00f9 soluzioni tattiche accompagnate anche da diversi cambi adoperati da mister Modica.Da segnalare il rientro del centrale di difesa Federico Pacciardi e le buone prove del centrocampista Marco Firenze, impreziosita da diversi palloni interessanti sfruttati dai compagni, e dell\u2019ala sinistra Marco Zunno, caratterizzata da tanto movimento e ottima qualit\u00e0 nel saltare l\u2019avversario.Appuntamento a domani per la rifinitura sul sintetico dell\u2019impianto di via Polveriera, dove mister Giacomo Modica si metter\u00e0 a disposizione della stampa per le interviste di rito pre partenza per la Puglia.<\/p>\n","protected":false},"excerpt":{"rendered":"<p>All\u2019impianto sportivo di Bisconte si \u00e8 tenuta la conferenza stampa di presentazione della campagna abbonamenti.Presenti, oltre al responsabile della\u00a0 comunicazione Davide Gambale, anche mister Giacomo Modica e il direttore organizzativo Giuseppe Bellantoni.A prendere la parola \u00e8 l\u2019allenatore della truppa giallorossa il quale ,dopo la presentazione svoltasi in piazza del popolo il 29 agosto, ha voluto [&hellip;]<\/p>\n","protected":false},"author":2,"featured_media":167572,"comment_status":"open","ping_status":"open","sticky":false,"template":"","format":"standard","meta":{"ub_ctt_via":"","_mi_skip_tracking":false},"categories":[10,6,9],"tags":[24,8590,3318,8591],"featured_image_src":"https:\/\/www.messinaoggi.it\/website\/wp-content\/uploads\/2023\/08\/0.jpg","author_info":{"display_name":"Redazione","author_link":"https:\/\/www.messinaoggi.it\/website\/author\/redazione\/"},"digistream_id":0,"digistream":false,"_links":{"self":[{"href":"https:\/\/www.messinaoggi.it\/website\/wp-json\/wp\/v2\/posts\/167569"}],"collection":[{"href":"https:\/\/www.messinaoggi.it\/website\/wp-json\/wp\/v2\/posts"}],"about":[{"href":"https:\/\/www.messinaoggi.it\/website\/wp-json\/wp\/v2\/types\/post"}],"author":[{"embeddable":true,"href":"https:\/\/www.messinaoggi.it\/website\/wp-json\/wp\/v2\/users\/2"}],"replies":[{"embeddable":true,"href":"https:\/\/www.messinaoggi.it\/website\/wp-json\/wp\/v2\/comments?post=167569"}],"version-history":[{"count":1,"href":"https:\/\/www.messinaoggi.it\/website\/wp-json\/wp\/v2\/posts\/167569\/revisions"}],"predecessor-version":[{"id":167575,"href":"https:\/\/www.messinaoggi.it\/website\/wp-json\/wp\/v2\/posts\/167569\/revisions\/167575"}],"wp:featuredmedia":[{"embeddable":true,"href":"https:\/\/www.messinaoggi.it\/website\/wp-json\/wp\/v2\/media\/167572"}],"wp:attachment":[{"href":"https:\/\/www.messinaoggi.it\/website\/wp-json\/wp\/v2\/media?parent=167569"}],"wp:term":[{"taxonomy":"category","embeddable":true,"href":"https:\/\/www.messinaoggi.it\/website\/wp-json\/wp\/v2\/categories?post=167569"},{"taxonomy":"post_tag","embeddable":true,"href":"https:\/\/www.messinaoggi.it\/website\/wp-json\/wp\/v2\/tags?post=167569"}],"curies":[{"name":"wp","href":"https:\/\/api.w.org\/{rel}","templated":true}]}}