{"id":167564,"date":"2023-08-31T10:45:25","date_gmt":"2023-08-31T08:45:25","guid":{"rendered":"http:\/\/www.messinaoggi.it\/website\/?p=167564"},"modified":"2023-09-01T10:16:34","modified_gmt":"2023-09-01T08:16:34","slug":"operai-travolti-da-un-treno-a-torino-messina-piange-kevin-lagana","status":"publish","type":"post","link":"https:\/\/www.messinaoggi.it\/website\/2023\/08\/31\/operai-travolti-da-un-treno-a-torino-messina-piange-kevin-lagana\/","title":{"rendered":"Operai travolti da un treno a Torino: Messina piange Kevin Lagan\u00e0"},"content":{"rendered":"\n<p>Stava lavorando assieme ad altri quattro operai a Torino, alla stazione di Brandizzo, quando un treno regionale \u00e8 sopraggiunto e li ha travolti, uccidendoli tutti. Si tratta di <strong>Kevin Lagan\u00e0,<\/strong> giovane di ventidue anni nato a Messina, che con i colleghi, dipendenti della Sigifer Srl, azienda che opera nel settore dell\u2019armamento ferroviario, stava lavorando alla sostituzione di alcuni metri dei binari ferroviari vicino alla stazione. <div id=\"div-gpt-ad-Messinaoggi.it-DSK-300x250-corpoart\" style=\"text-align:center;margin:0 auto;\"><\/div><\/p>\n\n\n\n<p>L\u2019incidente \u00e8 avvenuto poco dopo la mezzanotte stando a quanto riferito dai carabinieri, giunti nel frattempo sul posto. Il treno era un convoglio tecnico che trasportava alcuni vagoni da Alessandria verso Torino, sulla linea Torino-Milano.<div id=\"videoincontent\" style=\"clear:both\";><\/div><\/p>\n\n\n\n<p>Oltre a Lagan\u00e0, vittima pi\u00f9 giovane dell&#8217;incidente, sono morti <strong>Michael Zanera, <\/strong>34enne di Vercelli, <strong>Giuseppe Sorvillo, <\/strong>43enne nato a Capua ma residente a Brandizzo, <strong>Giuseppe Saverio Lombardo,<\/strong> 53enne nato a Marsala e residente a Vercelli, e <strong>Giuseppe Aversa,<\/strong> 49enne di Chivasso. Altri due operai sono rimasti feriti, ma non sarebbero stati colpiti direttamente dal mezzo.<\/p>\n\n\n\n<p>Resta ancora da chiarire come possa essersi verificata una tragedia del genere. Al riguardo, i militari dell&#8217;Arma stanno cercando di ricostruire la dinamica dell&#8217;incidente per fare luce anche su eventuali responsabilit\u00e0.<\/p>\n\n\n\n<p><strong>Basile: &#8220;Non si pu\u00f2 perdere la vita sul lavoro&#8221;.<\/strong> \u201c\u00c8 terribile apprendere notizie cos\u00ec tristi di una ennesima strage sul lavoro. &#8211; ha dichiarato il sindaco Federico Basile, dopo avere appreso della tragica notizia &#8211; Siamo addolorati ed esprimiamo non solo ai familiari del giovanissimo Kevin Lagan\u00e0, originario diMessina, ma a tutte le famiglie delle altre vittime la vicinanza e il cordoglio a nome mio personale e dell\u2019inter\u00e0 comunit\u00e0 messinese.<\/p>\n\n\n\n<p>&#8220;Un\u00a0 terribile incidente in cui cinque giovani che facevano il loro lavoro hanno perso la vita in maniera davvero inspiegabile e inaccettabile perch\u00e9 non si pu\u00f2 perdere la vita al lavoro. Purtroppo, assistiamo ancora ad una tragedia che colpisce l\u2019intero Paese e sulla quale attori istituzionali e non devono riflettere e agire in maniera incisiva sugli aspetti e le esigenze primarie al fine di garantire la sicurezza sul lavoro\u201d.<\/p>\n\n\n\n<p><strong>Uil Messina: &#8220;La mattanza sul lavoro continua&#8221;. <\/strong>Intanto la Uil Messina, nell&#8217;esprimere il proprio cordoglio alle famiglie delle vittime, usa parole molto dure per la tragedia accaduta, parlando di un&#8217;autentica mattanza sul lavoro: \u201cL\u2019inaccettabile mattanza di innocenti lavoratori caduti sul lavoro non si ferma e prosegue drammaticamente senza sosta. &#8211; ha dichiarato Ivan Tripodi, segretario generale Uil Messina. &#8211; La morte di cinque operai travolti a Brandizzo da un treno che percorreva la linea Torino-Milano \u00e8 inaccettabile e pone sempre pi\u00f9 il tema della sicurezza sul lavoro come emergenza democratica per il nostro Paese nei confronti della quale \u00e8 inammissibile il costante silenzio delle Istituzioni che viene sistematicamente squarciato soltanto per le espressioni di cordoglio successive alle innumerevoli tragedie sul lavoro. <\/p>\n\n\n\n<p>&#8220;In tal senso, in un quadro di grande dolore e disperazione per quanto avvenuto la notte scorsa a Brandizzo, dobbiamo registrare che tra le cinque vittime innocenti di quest\u2019ennesima strage vi \u00e8 il giovanissimo lavoratore Kevin Lagan\u00e0, operaio ventiduenne di Messina. In questo momento di enorme sofferenza desideriamo rivolgere alla famiglia Lagan\u00e0 la pi\u00f9 profonda vicinanza e solidariet\u00e0 della Uil Messina per una tragedia che scuote profondamente tutte le coscienze. Pertanto, non possiamo rassegnarci e rilanciamo con forza la necessit\u00e0 di fermare questa mattanza quotidiana di sfortunati lavoratori innocenti\u201d.<\/p>\n","protected":false},"excerpt":{"rendered":"<p>Stava lavorando assieme ad altri quattro operai a Torino, alla stazione di Brandizzo, quando un treno regionale \u00e8 sopraggiunto e li ha travolti, uccidendoli tutti. Si tratta di Kevin Lagan\u00e0, giovane di ventidue anni nato a Messina, che con i colleghi, dipendenti della Sigifer Srl, azienda che opera nel settore dell\u2019armamento ferroviario, stava lavorando alla [&hellip;]<\/p>\n","protected":false},"author":15,"featured_media":167565,"comment_status":"open","ping_status":"open","sticky":false,"template":"","format":"standard","meta":{"ub_ctt_via":"","_mi_skip_tracking":false},"categories":[19],"tags":[8588,8585,2476,8589,8587,8586],"featured_image_src":"https:\/\/www.messinaoggi.it\/website\/wp-content\/uploads\/2023\/08\/Kevin-Lagana-vittima-strage-di-Bradizzo-Da-Facebook.jpg","author_info":{"display_name":"red.me","author_link":"https:\/\/www.messinaoggi.it\/website\/author\/red-me\/"},"digistream_id":0,"digistream":false,"_links":{"self":[{"href":"https:\/\/www.messinaoggi.it\/website\/wp-json\/wp\/v2\/posts\/167564"}],"collection":[{"href":"https:\/\/www.messinaoggi.it\/website\/wp-json\/wp\/v2\/posts"}],"about":[{"href":"https:\/\/www.messinaoggi.it\/website\/wp-json\/wp\/v2\/types\/post"}],"author":[{"embeddable":true,"href":"https:\/\/www.messinaoggi.it\/website\/wp-json\/wp\/v2\/users\/15"}],"replies":[{"embeddable":true,"href":"https:\/\/www.messinaoggi.it\/website\/wp-json\/wp\/v2\/comments?post=167564"}],"version-history":[{"count":7,"href":"https:\/\/www.messinaoggi.it\/website\/wp-json\/wp\/v2\/posts\/167564\/revisions"}],"predecessor-version":[{"id":167687,"href":"https:\/\/www.messinaoggi.it\/website\/wp-json\/wp\/v2\/posts\/167564\/revisions\/167687"}],"wp:featuredmedia":[{"embeddable":true,"href":"https:\/\/www.messinaoggi.it\/website\/wp-json\/wp\/v2\/media\/167565"}],"wp:attachment":[{"href":"https:\/\/www.messinaoggi.it\/website\/wp-json\/wp\/v2\/media?parent=167564"}],"wp:term":[{"taxonomy":"category","embeddable":true,"href":"https:\/\/www.messinaoggi.it\/website\/wp-json\/wp\/v2\/categories?post=167564"},{"taxonomy":"post_tag","embeddable":true,"href":"https:\/\/www.messinaoggi.it\/website\/wp-json\/wp\/v2\/tags?post=167564"}],"curies":[{"name":"wp","href":"https:\/\/api.w.org\/{rel}","templated":true}]}}