{"id":167553,"date":"2023-08-31T09:56:54","date_gmt":"2023-08-31T07:56:54","guid":{"rendered":"http:\/\/www.messinaoggi.it\/website\/?p=167553"},"modified":"2023-08-31T10:23:31","modified_gmt":"2023-08-31T08:23:31","slug":"lega-messina-ancora-senza-ufficio-di-presidenza-pergolizzi-si-dimetta","status":"publish","type":"post","link":"https:\/\/www.messinaoggi.it\/website\/2023\/08\/31\/lega-messina-ancora-senza-ufficio-di-presidenza-pergolizzi-si-dimetta\/","title":{"rendered":"Lega: &#8220;Messina ancora senza ufficio di presidenza, Pergolizzi si dimetta&#8221;"},"content":{"rendered":"\n<p>\u201cUna citt\u00e0 abbandonata e paralizzata, prova ne sia che ad un anno dalle elezioni amministrative, la citt\u00e0 \u00e8 sprovvista di un ufficio di presidenza del Consiglio comunale, necessario per la gestione complessiva dell\u2019organo di vertice di indirizzo e controllo\u201d. Terminata la pausa estiva, torna a farsi sentire il gruppo consiliare della Lega. La polemica ruota ancora attorno all\u2019elezione di Nello Pergolizzi quale presidente del Consiglio comunale, giunta dopo le dimissioni di Cateno De Luca per candidarsi a sindaco di Taormina in occasione delle ultime amministrative (poi vinte). <div id=\"div-gpt-ad-Messinaoggi.it-DSK-300x250-corpoart\" style=\"text-align:center;margin:0 auto;\"><\/div><\/p>\n\n\n\n<p>L\u2019elezione di Pergolizzi era stata fortemente contestata dalle opposizioni, tant\u2019\u00e8 che al riguardo si sta pronunciando il TAR sulla validit\u00e0. Nell\u2019attesa, per\u00f2, la consigliera in quota Lega Amalia Centofanti denuncia l\u2019assenza di un ufficio di presidenza in seno al Civico consesso, con votazione dei vice che spetterebbero alle opposizioni.<div id=\"videoincontent\" style=\"clear:both\";><\/div><\/p>\n\n\n\n<p>&#8220;Ma il dato grave, &#8211; spiega Centofanti &#8211; per una amministrazione che sbandiera il rispetto delle regole e delle normative, \u00e8 la naturalezza che viene attribuita a questa anomalia che rende monco e non operativo l\u2019organo di garanzia per eccellenza che non \u00e8 stato costituito secondo le norme statutarie e regolamentari. Il Presidente De Luca al momento dell\u2019insediamento \u00e8 stato eletto a furor di maggioranza, unitamente al suo Vice Sebastiano Pergolizzi. Successivamente, dopo le dimissioni di De Luca, la stessa maggioranza ormai depotenziata non \u00e8 stata in grado di eleggere un Presidente in modo legittimo, ed in modo illegittimo non ha proclamato l&#8217;elezione del Vice Presidente indicato dalle opposizioni sospendendo la seduta. <\/p>\n\n\n\n<p>&#8220;Il comportamento di un Presidente autoproclamatosi eletto in maniera illegittima e senza una maggioranza, che non ha tra l\u2019altro proceduto alla proclamazione legittima di un Vice Presidente votato regolarmente dalle forze politiche di opposizione, potendo configurare tra l\u2019altro la fattispecie di reato di abuso di ufficio, dovrebbe compiere un solo atto di responsabilit\u00e0 per ristabilire gli equilibri istituzionali, in relazione ai principi di trasparenza ed imparzialit\u00e0 della pubblica amministrazione: dimettersi.  <\/p>\n\n\n\n<p>&#8220;Lo stesso a causa del cattivo esercizio di tale funzione, ha compromesso il principio di neutralit\u00e0 del ruolo secondo il quale potrebbe essere addirittura revocato. Purtroppo a causa di questi comportamenti, a distanza di mesi, nonostante il tentativo vano di costituire il suddetto ufficio attraverso due successive votazioni, non si \u00e8 giunti all\u2019epilogo sperato e Messina risulta l\u2019unica citt\u00e0 metropolitana che non \u00e8 riuscita ad eleggere in seno al suo Consiglio comunale l\u2019ufficio di presidenza&#8221;. <\/p>\n\n\n\n<p>&#8220;Il dato politico che emerge \u00e8 preoccupante in quanto evidenzia la precariet\u00e0 di un\u2019amministrazione che pur sbandierando i principi di rispetto delle regole, antepone le logiche di potere e gli interessi personali all\u2019applicazione dello statuto, del regolamento del consiglio comunale e delle normative vigenti&#8221;.<\/p>\n","protected":false},"excerpt":{"rendered":"<p>\u201cUna citt\u00e0 abbandonata e paralizzata, prova ne sia che ad un anno dalle elezioni amministrative, la citt\u00e0 \u00e8 sprovvista di un ufficio di presidenza del Consiglio comunale, necessario per la gestione complessiva dell\u2019organo di vertice di indirizzo e controllo\u201d. Terminata la pausa estiva, torna a farsi sentire il gruppo consiliare della Lega. La polemica ruota [&hellip;]<\/p>\n","protected":false},"author":15,"featured_media":25567,"comment_status":"open","ping_status":"open","sticky":false,"template":"","format":"standard","meta":{"ub_ctt_via":"","_mi_skip_tracking":false},"categories":[6],"tags":[7863,4936,2239,4798,8584,6049],"featured_image_src":"https:\/\/www.messinaoggi.it\/website\/wp-content\/uploads\/2018\/10\/43E25106-B23E-4477-ADD3-C37FA738529D.jpeg","author_info":{"display_name":"red.me","author_link":"https:\/\/www.messinaoggi.it\/website\/author\/red-me\/"},"digistream_id":0,"digistream":false,"_links":{"self":[{"href":"https:\/\/www.messinaoggi.it\/website\/wp-json\/wp\/v2\/posts\/167553"}],"collection":[{"href":"https:\/\/www.messinaoggi.it\/website\/wp-json\/wp\/v2\/posts"}],"about":[{"href":"https:\/\/www.messinaoggi.it\/website\/wp-json\/wp\/v2\/types\/post"}],"author":[{"embeddable":true,"href":"https:\/\/www.messinaoggi.it\/website\/wp-json\/wp\/v2\/users\/15"}],"replies":[{"embeddable":true,"href":"https:\/\/www.messinaoggi.it\/website\/wp-json\/wp\/v2\/comments?post=167553"}],"version-history":[{"count":4,"href":"https:\/\/www.messinaoggi.it\/website\/wp-json\/wp\/v2\/posts\/167553\/revisions"}],"predecessor-version":[{"id":167561,"href":"https:\/\/www.messinaoggi.it\/website\/wp-json\/wp\/v2\/posts\/167553\/revisions\/167561"}],"wp:featuredmedia":[{"embeddable":true,"href":"https:\/\/www.messinaoggi.it\/website\/wp-json\/wp\/v2\/media\/25567"}],"wp:attachment":[{"href":"https:\/\/www.messinaoggi.it\/website\/wp-json\/wp\/v2\/media?parent=167553"}],"wp:term":[{"taxonomy":"category","embeddable":true,"href":"https:\/\/www.messinaoggi.it\/website\/wp-json\/wp\/v2\/categories?post=167553"},{"taxonomy":"post_tag","embeddable":true,"href":"https:\/\/www.messinaoggi.it\/website\/wp-json\/wp\/v2\/tags?post=167553"}],"curies":[{"name":"wp","href":"https:\/\/api.w.org\/{rel}","templated":true}]}}