{"id":167549,"date":"2023-08-31T09:08:01","date_gmt":"2023-08-31T07:08:01","guid":{"rendered":"https:\/\/www.messinaoggi.it\/website\/2023\/08\/31\/treno-travolge-operai-nel-torinese-5-morti\/"},"modified":"2023-08-31T09:08:01","modified_gmt":"2023-08-31T07:08:01","slug":"treno-travolge-operai-nel-torinese-5-morti","status":"publish","type":"post","link":"https:\/\/www.messinaoggi.it\/website\/2023\/08\/31\/treno-travolge-operai-nel-torinese-5-morti\/","title":{"rendered":"Treno travolge operai nel torinese, 5 morti"},"content":{"rendered":"<div>TORINO (ITALPRESS) &#8211; Cinque operai sono stati travolti e uccisi poco dopo la mezzanotte in un incidente Ferroviario sulla linea Torino-Milano a Brandizzo. Si tratta di addetti alla manutenzione ferroviaria, di una ditta esterna a Fs, investiti e uccisi da una motrice addetta alla movimentazione dei vagoni che viaggiava a 160 km\/h. Altri due operai, che stavano lavorando poco distante, sono riusciti ad evitare il locomotore e a mettersi in salvo. Sono stati soccorsi e trasportati in ospedale. La dinamica di quanto accaduto \u00e8 al vaglio delle autorit\u00e0 competenti e di Rete Ferroviaria Italiana. Rfi esprime profondo dolore di fronte a quanto accaduto e porge il proprio cordoglio e la vicinanza ai familiari degli operai deceduti.<div id=\"div-gpt-ad-Messinaoggi.it-DSK-300x250-corpoart\" style=\"text-align:center;margin:0 auto;\"><\/div><\/p>\n<p>Sono state identificate le cinque vittime dell&#8217;incidente. Si tratta di Kevin Lagan\u00e0, 22 anni, di Vercelli, Michael Zanera, 34 anni, di Vercelli, Giuseppe Sorvillo, 43 anni, nato a Capua e residente a Brandizzo, Giuseppe Saverio Lombardo, 52 anni, nato a Marsala e residente a Vercelli e Giuseppe Aversa, 49 anni, di Chivasso. Lavoravano tutti per la Sigifer di Borgo Vercelli, specializzata nella costruzione di linee ferroviarie. L&#8217;area dell&#8217;impatto \u00e8 dotata di sistemi di videosorveglianza. I tecnici dello Spresal unitamente alla Polfer stanno raccogliendo tutti gli elementi utili.<div id=\"videoincontent\" style=\"clear:both\";><\/div><\/p>\n<p>La linea ferroviaria dove \u00e8 avvenuta la tragedia \u00e8 quella storica tra Milano e Torino, dove viaggiano i treni merci e quelli non ad alta velocit\u00e0 per i passeggeri. Al momento si registrano forti ritardi sulle tratte locali. La Polfer \u00e8 al lavoro per comprendere come sia stato possibile che il convoglio abbia travolto gli operai al lavoro su uno dei due binari che coinvolgono la linea. Un errore di segnalamento \u00e8 la causa pi\u00f9 probabile. Decisive saranno le testimonianze del guidatore del convoglio, illeso, e dei due operai scampati all&#8217;impatto, che sono stati ricoverati in stato di shock.<\/p>\n<p>(ITALPRESS).<\/p><\/div>\n","protected":false},"excerpt":{"rendered":"<p>TORINO (ITALPRESS) &#8211; Cinque operai sono stati travolti e uccisi poco dopo la mezzanotte in un incidente Ferroviario sulla linea Torino-Milano a Brandizzo. Si tratta di addetti alla manutenzione ferroviaria, di una ditta esterna a Fs, investiti e uccisi da una motrice addetta alla movimentazione dei vagoni che viaggiava a 160 km\/h. Altri due operai, [&hellip;]<\/p>\n","protected":false},"author":18,"featured_media":167550,"comment_status":"closed","ping_status":"closed","sticky":false,"template":"","format":"standard","meta":{"ub_ctt_via":"","_mi_skip_tracking":false},"categories":[446],"tags":[783],"featured_image_src":"https:\/\/www.messinaoggi.it\/website\/wp-content\/uploads\/2023\/08\/20230831_0069-300x208-1.jpg","author_info":{"display_name":"Admin","author_link":"https:\/\/www.messinaoggi.it\/website\/author\/admin\/"},"digistream_id":0,"digistream":false,"_links":{"self":[{"href":"https:\/\/www.messinaoggi.it\/website\/wp-json\/wp\/v2\/posts\/167549"}],"collection":[{"href":"https:\/\/www.messinaoggi.it\/website\/wp-json\/wp\/v2\/posts"}],"about":[{"href":"https:\/\/www.messinaoggi.it\/website\/wp-json\/wp\/v2\/types\/post"}],"author":[{"embeddable":true,"href":"https:\/\/www.messinaoggi.it\/website\/wp-json\/wp\/v2\/users\/18"}],"replies":[{"embeddable":true,"href":"https:\/\/www.messinaoggi.it\/website\/wp-json\/wp\/v2\/comments?post=167549"}],"version-history":[{"count":0,"href":"https:\/\/www.messinaoggi.it\/website\/wp-json\/wp\/v2\/posts\/167549\/revisions"}],"wp:featuredmedia":[{"embeddable":true,"href":"https:\/\/www.messinaoggi.it\/website\/wp-json\/wp\/v2\/media\/167550"}],"wp:attachment":[{"href":"https:\/\/www.messinaoggi.it\/website\/wp-json\/wp\/v2\/media?parent=167549"}],"wp:term":[{"taxonomy":"category","embeddable":true,"href":"https:\/\/www.messinaoggi.it\/website\/wp-json\/wp\/v2\/categories?post=167549"},{"taxonomy":"post_tag","embeddable":true,"href":"https:\/\/www.messinaoggi.it\/website\/wp-json\/wp\/v2\/tags?post=167549"}],"curies":[{"name":"wp","href":"https:\/\/api.w.org\/{rel}","templated":true}]}}