{"id":167546,"date":"2023-08-31T08:56:26","date_gmt":"2023-08-31T06:56:26","guid":{"rendered":"http:\/\/www.messinaoggi.it\/website\/?p=167546"},"modified":"2023-08-31T08:56:27","modified_gmt":"2023-08-31T06:56:27","slug":"picchio-e-derubo-un-tunisino-marocchino-condannato-a-3-anni-e-2-mesi-di-reclusione","status":"publish","type":"post","link":"https:\/\/www.messinaoggi.it\/website\/2023\/08\/31\/picchio-e-derubo-un-tunisino-marocchino-condannato-a-3-anni-e-2-mesi-di-reclusione\/","title":{"rendered":"Picchi\u00f2 e derub\u00f2 un tunisino: marocchino condannato a 3 anni e 2 mesi di reclusione"},"content":{"rendered":"\n<p>Dovr\u00e0 scontare la pena di 3 anni e 2 mesi di reclusione un 45enne di nazionalit\u00e0 marocchina, che pertanto \u00e8 stato arrestato dai carabinieri della Compagnia di Barcellona di Pozzo di Gotto a seguito del decreto di carcerazione emesso presso il Tribunale di Messina. I reati per cui \u00e8 stato condannato sono lesioni personali e rapina, commessi nel lontano 2014.<div id=\"div-gpt-ad-Messinaoggi.it-DSK-300x250-corpoart\" style=\"text-align:center;margin:0 auto;\"><\/div><\/p>\n\n\n\n<p>Il provvedimento scaturisce da fatti risalenti al settembre 2014 quando il 45enne, in una via del centro di Messina, dopo aver avvicinato un cittadino tunisino chiedendogli alcuni spiccioli, lo aveva colpito in testa con una bottiglia a seguito del suo rifiuto di dargli del denaro, procurandogli lesioni e derubandolo del denaro che aveva addosso.<div id=\"videoincontent\" style=\"clear:both\";><\/div><\/p>\n\n\n\n<p>I successivi accertamenti condotti dai carabinieri hanno permesso d\u2019identificarlo quale responsabile della rapina e denunciarlo all\u2019autorit\u00e0 giudiziaria. Pertanto, in ottemperanza all\u2019ordine di carcerazione emesso nei suoi riguardi, il 45enne \u00e8 stato rintracciato ed arrestato dai carabinieri che, ultimate le formalit\u00e0 di rito, come disposto dall\u2019autorit\u00e0 giudiziaria, lo hanno condotto presso il carcere di Barcellona Pozzo per l\u2019espiazione della pena emessa nei suoi confronti.<\/p>\n","protected":false},"excerpt":{"rendered":"<p>Dovr\u00e0 scontare la pena di 3 anni e 2 mesi di reclusione un 45enne di nazionalit\u00e0 marocchina, che pertanto \u00e8 stato arrestato dai carabinieri della Compagnia di Barcellona di Pozzo di Gotto a seguito del decreto di carcerazione emesso presso il Tribunale di Messina. I reati per cui \u00e8 stato condannato sono lesioni personali e [&hellip;]<\/p>\n","protected":false},"author":8,"featured_media":140965,"comment_status":"open","ping_status":"open","sticky":false,"template":"","format":"standard","meta":{"ub_ctt_via":"","_mi_skip_tracking":false},"categories":[5],"tags":[54,5039,747],"featured_image_src":"https:\/\/www.messinaoggi.it\/website\/wp-content\/uploads\/2023\/02\/carabinieri-ufficiostampa1.jpg","author_info":{"display_name":"red..me","author_link":"https:\/\/www.messinaoggi.it\/website\/author\/redstage\/"},"digistream_id":0,"digistream":false,"_links":{"self":[{"href":"https:\/\/www.messinaoggi.it\/website\/wp-json\/wp\/v2\/posts\/167546"}],"collection":[{"href":"https:\/\/www.messinaoggi.it\/website\/wp-json\/wp\/v2\/posts"}],"about":[{"href":"https:\/\/www.messinaoggi.it\/website\/wp-json\/wp\/v2\/types\/post"}],"author":[{"embeddable":true,"href":"https:\/\/www.messinaoggi.it\/website\/wp-json\/wp\/v2\/users\/8"}],"replies":[{"embeddable":true,"href":"https:\/\/www.messinaoggi.it\/website\/wp-json\/wp\/v2\/comments?post=167546"}],"version-history":[{"count":1,"href":"https:\/\/www.messinaoggi.it\/website\/wp-json\/wp\/v2\/posts\/167546\/revisions"}],"predecessor-version":[{"id":167547,"href":"https:\/\/www.messinaoggi.it\/website\/wp-json\/wp\/v2\/posts\/167546\/revisions\/167547"}],"wp:featuredmedia":[{"embeddable":true,"href":"https:\/\/www.messinaoggi.it\/website\/wp-json\/wp\/v2\/media\/140965"}],"wp:attachment":[{"href":"https:\/\/www.messinaoggi.it\/website\/wp-json\/wp\/v2\/media?parent=167546"}],"wp:term":[{"taxonomy":"category","embeddable":true,"href":"https:\/\/www.messinaoggi.it\/website\/wp-json\/wp\/v2\/categories?post=167546"},{"taxonomy":"post_tag","embeddable":true,"href":"https:\/\/www.messinaoggi.it\/website\/wp-json\/wp\/v2\/tags?post=167546"}],"curies":[{"name":"wp","href":"https:\/\/api.w.org\/{rel}","templated":true}]}}