{"id":167503,"date":"2023-08-30T17:08:02","date_gmt":"2023-08-30T15:08:02","guid":{"rendered":"https:\/\/www.messinaoggi.it\/website\/2023\/08\/30\/lavoro-al-via-la-piattaforma-per-lincrocio-tra-domanda-e-offerta\/"},"modified":"2023-08-30T17:08:02","modified_gmt":"2023-08-30T15:08:02","slug":"lavoro-al-via-la-piattaforma-per-lincrocio-tra-domanda-e-offerta","status":"publish","type":"post","link":"https:\/\/www.messinaoggi.it\/website\/2023\/08\/30\/lavoro-al-via-la-piattaforma-per-lincrocio-tra-domanda-e-offerta\/","title":{"rendered":"Lavoro, al via la piattaforma per l\u2019incrocio tra domanda e offerta"},"content":{"rendered":"<div>ROMA (ITALPRESS) &#8211; &#8220;Con molta umilt\u00e0 vi dico che questo percorso intrapreso, per me, rappresenta un omaggio alla memoria di Marco Biagi, quello che considero il pi\u00f9 grande visionario nel tema del lavoro&#8221;. Lo ha detto Marina Calderone, ministro del Lavoro e delle Politiche sociali, durante la presentazione, presso il Palazzo Wedekind Roma, del nuovo &#8216;Sistema informativo per l&#8217;inclusione sociale e lavorativ\u00e0 (SIISL), la piattaforma per l&#8217;incrocio tra domanda e offerta di formazione e lavoro, che sar\u00e0 attiva dal prossimo 1\u00b0 settembre. &#8220;Dalla legge Biagi &#8211; ha aggiunto Calderone &#8211; le politiche attive non hanno mai dato soluzioni di incroci fra domanda ed offerta del lavoro. Magari un giorno sar\u00e0 dedicato a lui il progetto completo&#8221;.<br \/>Entrando nello specifico, il ministro ha spiegato che &#8220;la piattaforma vuole individuare soluzioni efficaci, non lasciando indietro nessuno. Non parler\u00f2 di numeri: li sentirete il 1\u00b0 settembre quando partir\u00e0 la piattaforma. Con la legge di bilancio abbiamo capito di dover dividere le platee, per poter cos\u00ec andare incontro ad esigenze diverse. Questo Paese non pu\u00f2 permettersi di non ricondurre al lavoro chi non d\u00e0 un contributo alla societ\u00e0: il lavoro deve essere un punto di riferimento. Da questo si arriva a parlare di dignit\u00e0 del lavoro&#8221;.<br \/>&#8220;Ma non vedrete un lavoro di Stato &#8211; ha proseguito Calderone -, non \u00e8 un percorso che inventa posti di lavoro che non ci sono; \u00e8 la messa a sistema di opportunit\u00e0 reali che ci sono, a partire dalla formazione, su cui si deve costruire il percorso di riqualificazione delle persone. Abbiamo messo in rete il mondo del lavoro, inserendo le Regioni, le agenzie private per il lavoro, ma anche l&#8217;Inps e il Ministero. Credo che non abbiamo inventato niente di nuovo, abbiamo solo valorizzato un grande patrimonio informativo di cui si \u00e8 parlato ad intermittenza. Oggi, noi possiamo avere la dimensione di quanti corsi di formazione ci siano in Italia. Abbiamo preso l&#8217;impegno di indirizzare al meglio le persone, in base alle indicazioni del mondo del lavoro, con le nuove professionalit\u00e0. La piattaforma ha la capacit\u00e0 di usare le potenzialit\u00e0 della tecnologia di oggi, permettendoci di fare una valutazione in prospettiva di tutte le informazioni messe a sistema. Utilizzando i dati ci sar\u00e0 anche la possibilit\u00e0 di individuare i fenomeni di tendenza del mondo del lavoro, che \u00e8 fondamentale soprattutto per i giovani&#8221;.<br \/>&#8220;Mi chiedono se siamo vicini ad una &#8216;bomba social\u00e8 &#8211; ha detto Calderone parlando delle persone che non potranno pi\u00f9 sfruttare il reddito di cittadinanza -, ma io rispondo di no. La soluzione \u00e8 gestibile, perch\u00e8 con la suddivisione delle platee abbiamo capito che chi si attiva trover\u00e0 accoglienza e accompagnamento. Ci deve essere l&#8217;impegno del soggetto per candidarsi ad essere accompagnato in questo percorso di formazione e lavoro. Nella piattaforma si troveranno anche le offerte di lavoro. Quando qualcuno dice che non ci sono abbastanza offerte per chi non ha competenze sufficienti, rispondo dicendo che le competenze si ottengono grazie alla formazione e, soprattutto, che nella piattaforma vedrete professioni per profili medio-bassi. I soggetti fragili sono comunque presi in carico dai servizi sociali e verranno accompagnati nel mantenimento di uno strumento che \u00e8 l&#8217;assegno di inclusione, che \u00e8 l&#8217;altro nostro grande impegno di lavoro. Chi far\u00e0 domanda per il supporto per la formazione al lavoro sar\u00e0 chiamato: \u00e8 questa la vera discontinuit\u00e0 col passato. Lasciatemi dire che questa piattaforma non \u00e8 l&#8217;app miracolosa, ma non \u00e8 neanche quella in cui inseriamo delle collaborazioni che &#8216;ingannan\u00f2: \u00e8 un percorso a sostegno del mondo del lavoro&#8221;, ha concluso.<div id=\"div-gpt-ad-Messinaoggi.it-DSK-300x250-corpoart\" style=\"text-align:center;margin:0 auto;\"><\/div><\/p>\n<p>&#8211; foto: Agenzia Fotogramma &#8211;<div id=\"videoincontent\" style=\"clear:both\";><\/div><\/p>\n<p>(ITALPRESS).<\/p><\/div>\n","protected":false},"excerpt":{"rendered":"<p>ROMA (ITALPRESS) &#8211; &#8220;Con molta umilt\u00e0 vi dico che questo percorso intrapreso, per me, rappresenta un omaggio alla memoria di Marco Biagi, quello che considero il pi\u00f9 grande visionario nel tema del lavoro&#8221;. Lo ha detto Marina Calderone, ministro del Lavoro e delle Politiche sociali, durante la presentazione, presso il Palazzo Wedekind Roma, del nuovo [&hellip;]<\/p>\n","protected":false},"author":18,"featured_media":167504,"comment_status":"closed","ping_status":"closed","sticky":false,"template":"","format":"standard","meta":{"ub_ctt_via":"","_mi_skip_tracking":false},"categories":[446],"tags":[783],"featured_image_src":"https:\/\/www.messinaoggi.it\/website\/wp-content\/uploads\/2023\/08\/20230830_1371.jpg","author_info":{"display_name":"Admin","author_link":"https:\/\/www.messinaoggi.it\/website\/author\/admin\/"},"digistream_id":0,"digistream":false,"_links":{"self":[{"href":"https:\/\/www.messinaoggi.it\/website\/wp-json\/wp\/v2\/posts\/167503"}],"collection":[{"href":"https:\/\/www.messinaoggi.it\/website\/wp-json\/wp\/v2\/posts"}],"about":[{"href":"https:\/\/www.messinaoggi.it\/website\/wp-json\/wp\/v2\/types\/post"}],"author":[{"embeddable":true,"href":"https:\/\/www.messinaoggi.it\/website\/wp-json\/wp\/v2\/users\/18"}],"replies":[{"embeddable":true,"href":"https:\/\/www.messinaoggi.it\/website\/wp-json\/wp\/v2\/comments?post=167503"}],"version-history":[{"count":0,"href":"https:\/\/www.messinaoggi.it\/website\/wp-json\/wp\/v2\/posts\/167503\/revisions"}],"wp:featuredmedia":[{"embeddable":true,"href":"https:\/\/www.messinaoggi.it\/website\/wp-json\/wp\/v2\/media\/167504"}],"wp:attachment":[{"href":"https:\/\/www.messinaoggi.it\/website\/wp-json\/wp\/v2\/media?parent=167503"}],"wp:term":[{"taxonomy":"category","embeddable":true,"href":"https:\/\/www.messinaoggi.it\/website\/wp-json\/wp\/v2\/categories?post=167503"},{"taxonomy":"post_tag","embeddable":true,"href":"https:\/\/www.messinaoggi.it\/website\/wp-json\/wp\/v2\/tags?post=167503"}],"curies":[{"name":"wp","href":"https:\/\/api.w.org\/{rel}","templated":true}]}}