{"id":167501,"date":"2023-08-30T16:08:02","date_gmt":"2023-08-30T14:08:02","guid":{"rendered":"https:\/\/www.messinaoggi.it\/website\/2023\/08\/30\/missione-conference-italiano-voglio-una-fiorentina-matura\/"},"modified":"2023-08-30T16:08:02","modified_gmt":"2023-08-30T14:08:02","slug":"missione-conference-italiano-voglio-una-fiorentina-matura","status":"publish","type":"post","link":"https:\/\/www.messinaoggi.it\/website\/2023\/08\/30\/missione-conference-italiano-voglio-una-fiorentina-matura\/","title":{"rendered":"Missione Conference, Italiano \u201cVoglio una Fiorentina matura\u201d"},"content":{"rendered":"<div>FIRENZE (ITALPRESS) &#8211; &#8220;Domani abbiamo un scenario diverso da tante altre partite fatte in Conference, siamo noi che dobbiamo arrivare molto pi\u00f9 concentrati dei nostri avversari e preparare una rimonta. Dobbiamo essere bravi, maturi e capaci di lavorare su qualcosa che si \u00e8 ribaltato rispetto allo scorso anno&#8221;. Vincenzo Italiano carica la sua Fiorentina alla vigilia del delicato ritorno dei play-off di Conference League. I viola, finalisti appena pochi mesi fa, sono chiamati a rimontare lo 0-1 subito in Austria dal Rapid Vienna. &#8220;Dobbiamo essere pronti e bravi a livello mentale, sono convinto che gli occhi, la voglia e la fame dei ragazzi non mancheranno, cercheremo di fare tutto il possibile &#8211; garantisce il tecnico &#8211; Abbiamo grandi possibilit\u00e0 di mettere in difficolt\u00e0 il Rapid e creare occasioni. Dobbiamo per\u00f2 essere pi\u00f9 qualitativi della partita di andata&#8221;. Italiano si aspetta un avversario che &#8220;verr\u00e0 a metterci pressione, a limitarci, cercher\u00e0 di non subire la nostra reazione. Abbiamo l&#8217;obbligo di cercare di fare gol, di farne uno in pi\u00f9 del nostro avversario ma non mi aspetto un Rapid che si catapulta nella nostra area di rigore. Non dobbiamo fare follie per fare gol ma lavorare bene per 90 minuti&#8221;. &#8220;Sappiamo quanto la Conference League l&#8217;anno scorso ci abbia fatto crescere &#8211; \u00e8 al suo fianco in conferenza stampa Nikola Milenkovic &#8211; Mi aspetto domani una Fiorentina determinata, con tanto cuore ma anche testa e grande pazienza perch\u00e8 la gara durer\u00e0 90 minuti. La vera Fiorentina l&#8217;abbiamo vista a Genova, a Vienna abbiamo fatto fatica nel primo tempo, abbiamo cambiato tanto quest&#8217;anno, sono arrivati giocatori nuovi, stiamo lavorando, ci vorr\u00e0 tempo per integrarli, c&#8217;\u00e8 un processo in corso &#8211; ricorda il difensore serbo &#8211; Il nostro obiettivo \u00e8 entrare nei gironi di Conference League e migliorare quanto fatto l&#8217;anno scorso, non sar\u00e0 facile ma lavoriamo per questo&#8221;.<br \/>&#8211; foto LivePhotoSport &#8211; <br \/>(ITALPRESS).<\/div>\n<div id=\"div-gpt-ad-Messinaoggi.it-DSK-300x250-corpoart\" style=\"text-align:center;margin:0 auto;\"><\/div><\/p><div id=\"videoincontent\" style=\"clear:both\";><\/div>","protected":false},"excerpt":{"rendered":"<p>FIRENZE (ITALPRESS) &#8211; &#8220;Domani abbiamo un scenario diverso da tante altre partite fatte in Conference, siamo noi che dobbiamo arrivare molto pi\u00f9 concentrati dei nostri avversari e preparare una rimonta. Dobbiamo essere bravi, maturi e capaci di lavorare su qualcosa che si \u00e8 ribaltato rispetto allo scorso anno&#8221;. Vincenzo Italiano carica la sua Fiorentina alla [&hellip;]<\/p>\n","protected":false},"author":18,"featured_media":167502,"comment_status":"closed","ping_status":"closed","sticky":false,"template":"","format":"standard","meta":{"ub_ctt_via":"","_mi_skip_tracking":false},"categories":[446],"tags":[783],"featured_image_src":"https:\/\/www.messinaoggi.it\/website\/wp-content\/uploads\/2023\/08\/20230830_0769.jpg","author_info":{"display_name":"Admin","author_link":"https:\/\/www.messinaoggi.it\/website\/author\/admin\/"},"digistream_id":0,"digistream":false,"_links":{"self":[{"href":"https:\/\/www.messinaoggi.it\/website\/wp-json\/wp\/v2\/posts\/167501"}],"collection":[{"href":"https:\/\/www.messinaoggi.it\/website\/wp-json\/wp\/v2\/posts"}],"about":[{"href":"https:\/\/www.messinaoggi.it\/website\/wp-json\/wp\/v2\/types\/post"}],"author":[{"embeddable":true,"href":"https:\/\/www.messinaoggi.it\/website\/wp-json\/wp\/v2\/users\/18"}],"replies":[{"embeddable":true,"href":"https:\/\/www.messinaoggi.it\/website\/wp-json\/wp\/v2\/comments?post=167501"}],"version-history":[{"count":0,"href":"https:\/\/www.messinaoggi.it\/website\/wp-json\/wp\/v2\/posts\/167501\/revisions"}],"wp:featuredmedia":[{"embeddable":true,"href":"https:\/\/www.messinaoggi.it\/website\/wp-json\/wp\/v2\/media\/167502"}],"wp:attachment":[{"href":"https:\/\/www.messinaoggi.it\/website\/wp-json\/wp\/v2\/media?parent=167501"}],"wp:term":[{"taxonomy":"category","embeddable":true,"href":"https:\/\/www.messinaoggi.it\/website\/wp-json\/wp\/v2\/categories?post=167501"},{"taxonomy":"post_tag","embeddable":true,"href":"https:\/\/www.messinaoggi.it\/website\/wp-json\/wp\/v2\/tags?post=167501"}],"curies":[{"name":"wp","href":"https:\/\/api.w.org\/{rel}","templated":true}]}}