{"id":167430,"date":"2023-08-30T09:54:31","date_gmt":"2023-08-30T07:54:31","guid":{"rendered":"http:\/\/www.messinaoggi.it\/website\/?p=167430"},"modified":"2023-08-30T09:55:41","modified_gmt":"2023-08-30T07:55:41","slug":"nasce-il-gruppo-consiliare-di-fi-ce-croce","status":"publish","type":"post","link":"https:\/\/www.messinaoggi.it\/website\/2023\/08\/30\/nasce-il-gruppo-consiliare-di-fi-ce-croce\/","title":{"rendered":"Nasce il gruppo consiliare di FI, c&#8217;\u00e8 Croce"},"content":{"rendered":"\n<p>Nasce il gruppo consiliare di Forza Italia al Consiglio comunale di Messina.<div id=\"div-gpt-ad-Messinaoggi.it-DSK-300x250-corpoart\" style=\"text-align:center;margin:0 auto;\"><\/div><\/p>\n\n\n\n<p><br>A comporlo saranno <strong>Maurizio Croce,<\/strong> che alle elezioni era stato il candidato unitario del centrodestra, e <strong>Cosimo Oteri, <\/strong>che a settembre era stato eletto nella lista Basile.<div id=\"videoincontent\" style=\"clear:both\";><\/div><\/p>\n\n\n\n<figure class=\"wp-block-image size-large\"><img loading=\"lazy\" width=\"900\" height=\"900\" src=\"http:\/\/www.messinaoggi.it\/website\/wp-content\/uploads\/2023\/01\/Cosimo-Oteri.jpg\" alt=\"\" class=\"wp-image-138057\" srcset=\"https:\/\/www.messinaoggi.it\/website\/wp-content\/uploads\/2023\/01\/Cosimo-Oteri.jpg 900w, https:\/\/www.messinaoggi.it\/website\/wp-content\/uploads\/2023\/01\/Cosimo-Oteri-300x300.jpg 300w, https:\/\/www.messinaoggi.it\/website\/wp-content\/uploads\/2023\/01\/Cosimo-Oteri-150x150.jpg 150w, https:\/\/www.messinaoggi.it\/website\/wp-content\/uploads\/2023\/01\/Cosimo-Oteri-768x768.jpg 768w\" sizes=\"(max-width: 900px) 100vw, 900px\" \/><figcaption>Cosimo Oteri<\/figcaption><\/figure>\n\n\n\n<figure class=\"wp-block-image size-large\"><img loading=\"lazy\" width=\"1024\" height=\"682\" src=\"http:\/\/www.messinaoggi.it\/website\/wp-content\/uploads\/2022\/04\/maurizio-croce-1024x682.jpg\" alt=\"\" class=\"wp-image-104783\" srcset=\"https:\/\/www.messinaoggi.it\/website\/wp-content\/uploads\/2022\/04\/maurizio-croce-1024x682.jpg 1024w, https:\/\/www.messinaoggi.it\/website\/wp-content\/uploads\/2022\/04\/maurizio-croce-300x200.jpg 300w, https:\/\/www.messinaoggi.it\/website\/wp-content\/uploads\/2022\/04\/maurizio-croce-768x512.jpg 768w, https:\/\/www.messinaoggi.it\/website\/wp-content\/uploads\/2022\/04\/maurizio-croce-1536x1023.jpg 1536w, https:\/\/www.messinaoggi.it\/website\/wp-content\/uploads\/2022\/04\/maurizio-croce.jpg 1600w\" sizes=\"(max-width: 1024px) 100vw, 1024px\" \/><figcaption>Maurizio Croce<\/figcaption><\/figure>\n\n\n\n<p><br>Ne d\u00e0 notizia il coordinatore regionale del partito azzurro, <strong>Marcello Caruso,<\/strong> che ha incontrato i due consiglieri comunali, in raccordo con gli onorevoli <strong>Bernadette Grasso, Matilde Siracusano e Tommaso Calderone.<\/strong><\/p>\n\n\n\n<p>&#8220;Anche nella citt\u00e0 dello Stretto &#8211; afferma Caruso &#8211; si rafforza la presenza istituzionale di Forza Italia, che si conferma il partito di chi si riconosce nei valori liberali e moderati e soprattutto di chi ha voglia di lavorare per il bene delle nostre comunit\u00e0.<\/p>\n\n\n\n<p><br>La nostra presenza a Palazzo Zanca a Messina \u00e8 importante non solo sotto il profilo politico visto che si tratta della terza citt\u00e0 siciliana, ma anche perch\u00e9 permetter\u00e0 al nostro partito, con il lavoro attento dei due nostri consiglieri, di rappresentare al meglio gli interessi dei cittadini, delle imprese e delle famiglie.<br>Tutto questo, con grande attenzione all&#8217;operato della Giunta Basile, rispetto alla quale proseguir\u00e0 un&#8217;opposizione puntuale e critica ma certamente costruttiva l\u00ec dove si possa operare, anche coi governi nazionale e regionale, per il bene della citt\u00e0.&#8221;<\/p>\n","protected":false},"excerpt":{"rendered":"<p>Nasce il gruppo consiliare di Forza Italia al Consiglio comunale di Messina. A comporlo saranno Maurizio Croce, che alle elezioni era stato il candidato unitario del centrodestra, e Cosimo Oteri, che a settembre era stato eletto nella lista Basile. Ne d\u00e0 notizia il coordinatore regionale del partito azzurro, Marcello Caruso, che ha incontrato i due [&hellip;]<\/p>\n","protected":false},"author":15,"featured_media":108788,"comment_status":"open","ping_status":"open","sticky":false,"template":"","format":"standard","meta":{"ub_ctt_via":"","_mi_skip_tracking":false},"categories":[4],"tags":[46,5689,5984,6923,625,3617],"featured_image_src":"https:\/\/www.messinaoggi.it\/website\/wp-content\/uploads\/2022\/05\/maurizio-croce-3.jpg","author_info":{"display_name":"red.me","author_link":"https:\/\/www.messinaoggi.it\/website\/author\/red-me\/"},"digistream_id":0,"digistream":false,"_links":{"self":[{"href":"https:\/\/www.messinaoggi.it\/website\/wp-json\/wp\/v2\/posts\/167430"}],"collection":[{"href":"https:\/\/www.messinaoggi.it\/website\/wp-json\/wp\/v2\/posts"}],"about":[{"href":"https:\/\/www.messinaoggi.it\/website\/wp-json\/wp\/v2\/types\/post"}],"author":[{"embeddable":true,"href":"https:\/\/www.messinaoggi.it\/website\/wp-json\/wp\/v2\/users\/15"}],"replies":[{"embeddable":true,"href":"https:\/\/www.messinaoggi.it\/website\/wp-json\/wp\/v2\/comments?post=167430"}],"version-history":[{"count":1,"href":"https:\/\/www.messinaoggi.it\/website\/wp-json\/wp\/v2\/posts\/167430\/revisions"}],"predecessor-version":[{"id":167431,"href":"https:\/\/www.messinaoggi.it\/website\/wp-json\/wp\/v2\/posts\/167430\/revisions\/167431"}],"wp:featuredmedia":[{"embeddable":true,"href":"https:\/\/www.messinaoggi.it\/website\/wp-json\/wp\/v2\/media\/108788"}],"wp:attachment":[{"href":"https:\/\/www.messinaoggi.it\/website\/wp-json\/wp\/v2\/media?parent=167430"}],"wp:term":[{"taxonomy":"category","embeddable":true,"href":"https:\/\/www.messinaoggi.it\/website\/wp-json\/wp\/v2\/categories?post=167430"},{"taxonomy":"post_tag","embeddable":true,"href":"https:\/\/www.messinaoggi.it\/website\/wp-json\/wp\/v2\/tags?post=167430"}],"curies":[{"name":"wp","href":"https:\/\/api.w.org\/{rel}","templated":true}]}}