{"id":167402,"date":"2023-08-29T19:08:03","date_gmt":"2023-08-29T17:08:03","guid":{"rendered":"https:\/\/www.messinaoggi.it\/website\/2023\/08\/29\/il-31-agosto-meloni-al-parco-verde-di-caivano\/"},"modified":"2023-08-29T19:08:03","modified_gmt":"2023-08-29T17:08:03","slug":"il-31-agosto-meloni-al-parco-verde-di-caivano","status":"publish","type":"post","link":"https:\/\/www.messinaoggi.it\/website\/2023\/08\/29\/il-31-agosto-meloni-al-parco-verde-di-caivano\/","title":{"rendered":"Il 31 agosto Meloni al Parco Verde di Caivano"},"content":{"rendered":"<div>NAPOLI (ITALPRESS) &#8211; &#8220;La presidente del Consiglio Giorgia Meloni verr\u00e0 gioved\u00ec al Parco Verde di Caivano&#8221;. Ad annunciarlo \u00e8 il parroco don Maurizio Patriciello, parlando con i giornalisti prima della manifestazione-corteo organizzata dai comitati cittadini per esprimere sostegno e solidariet\u00e0 alle due ragazzine vittime di violenze sessuali e alle loro famiglie. &#8220;Vediamo cosa accadr\u00e0 dopo la visita, io sono fiducioso&#8221;, afferma ancora don Patriciello.<div id=\"div-gpt-ad-Messinaoggi.it-DSK-300x250-corpoart\" style=\"text-align:center;margin:0 auto;\"><\/div><\/p>\n<p>&#8211; foto: Agenzia Fotogramma &#8211;<div id=\"videoincontent\" style=\"clear:both\";><\/div><\/p>\n<p>(ITALPRESS).<\/p><\/div>\n","protected":false},"excerpt":{"rendered":"<p>NAPOLI (ITALPRESS) &#8211; &#8220;La presidente del Consiglio Giorgia Meloni verr\u00e0 gioved\u00ec al Parco Verde di Caivano&#8221;. Ad annunciarlo \u00e8 il parroco don Maurizio Patriciello, parlando con i giornalisti prima della manifestazione-corteo organizzata dai comitati cittadini per esprimere sostegno e solidariet\u00e0 alle due ragazzine vittime di violenze sessuali e alle loro famiglie. &#8220;Vediamo cosa accadr\u00e0 dopo [&hellip;]<\/p>\n","protected":false},"author":18,"featured_media":167403,"comment_status":"closed","ping_status":"closed","sticky":false,"template":"","format":"standard","meta":{"ub_ctt_via":"","_mi_skip_tracking":false},"categories":[446],"tags":[783],"featured_image_src":"https:\/\/www.messinaoggi.it\/website\/wp-content\/uploads\/2023\/08\/20230829_1457.jpg","author_info":{"display_name":"Admin","author_link":"https:\/\/www.messinaoggi.it\/website\/author\/admin\/"},"digistream_id":0,"digistream":false,"_links":{"self":[{"href":"https:\/\/www.messinaoggi.it\/website\/wp-json\/wp\/v2\/posts\/167402"}],"collection":[{"href":"https:\/\/www.messinaoggi.it\/website\/wp-json\/wp\/v2\/posts"}],"about":[{"href":"https:\/\/www.messinaoggi.it\/website\/wp-json\/wp\/v2\/types\/post"}],"author":[{"embeddable":true,"href":"https:\/\/www.messinaoggi.it\/website\/wp-json\/wp\/v2\/users\/18"}],"replies":[{"embeddable":true,"href":"https:\/\/www.messinaoggi.it\/website\/wp-json\/wp\/v2\/comments?post=167402"}],"version-history":[{"count":0,"href":"https:\/\/www.messinaoggi.it\/website\/wp-json\/wp\/v2\/posts\/167402\/revisions"}],"wp:featuredmedia":[{"embeddable":true,"href":"https:\/\/www.messinaoggi.it\/website\/wp-json\/wp\/v2\/media\/167403"}],"wp:attachment":[{"href":"https:\/\/www.messinaoggi.it\/website\/wp-json\/wp\/v2\/media?parent=167402"}],"wp:term":[{"taxonomy":"category","embeddable":true,"href":"https:\/\/www.messinaoggi.it\/website\/wp-json\/wp\/v2\/categories?post=167402"},{"taxonomy":"post_tag","embeddable":true,"href":"https:\/\/www.messinaoggi.it\/website\/wp-json\/wp\/v2\/tags?post=167402"}],"curies":[{"name":"wp","href":"https:\/\/api.w.org\/{rel}","templated":true}]}}