{"id":16734,"date":"2018-03-12T08:47:14","date_gmt":"2018-03-12T07:47:14","guid":{"rendered":"http:\/\/www.messinaoggi.it\/website\/?p=16734"},"modified":"2018-03-12T08:47:14","modified_gmt":"2018-03-12T07:47:14","slug":"verso-le-amministrative-inizia-il-conclave-del-pd","status":"publish","type":"post","link":"https:\/\/www.messinaoggi.it\/website\/2018\/03\/12\/verso-le-amministrative-inizia-il-conclave-del-pd\/","title":{"rendered":"Verso le amministrative, inizia il conclave del Pd"},"content":{"rendered":"<p style=\"text-align: justify;\">Sono\u00a0 giorni di riflessione per il Partito Democratico, alle prese con un profondo confronto interno dopo la debacle delle elezioni politiche. Neanche il tempo di assorbire la botta, che all\u2019orizzonte compaiono i programmi per le amministrative. <em>\u201cLa direzione \u2013 si legge in un comunicato stampa &#8211; del partito ha intenzione di coinvolgere quanti pi\u00f9 attori possibile: In quest\u2019ottica si stanno riunendo in queste ore i tavoli di discussione cui prendono parte tutte le anime e le diverse sensibilit\u00e0 del Partito, per individuare il percorso pi\u00f9 utile e idoneo all\u2019elaborazione di una proposta programmatica complessiva e a una candidatura condivisa e competitiva che possa vincere le elezioni di primavera. Il percorso individuato consensualmente \u00e8 aperto al confronto e all\u2019importante contributo delle altre forze alleate del centrosinistra, con le quali sono gi\u00e0 stati avviate discussioni e riflessioni: c\u2019\u00e8 infatti la consapevolezza della necessit\u00e0 di un percorso unitario ed il pi\u00f9 largo e plurale possibile, coinvolgendo tutte le sensibilit\u00e0 che si riconoscono nei valori del centrosinistra e della piena alternativa al centrodestra e alle forze pentastellate; \u00e8 su questa strada che siamo incamminati. Per raggiungere questo obiettivo si \u00e8 condiviso di intraprendere un dialogo con le forze sociali, i corpi intermedi, il movimentismo, l\u2019associazionismo e le forze vive della societ\u00e0 messinese, coinvolgendole nel percorso di decisione dei temi e di individuazione delle possibili figure migliori per poterli incarnare e tramutare in azione amministrativa concreta,\u00a0 restando comunque aperte \u2013 laddove se ne riscontrasse la necessit\u00e0 \u2013 tutte le ipotesi previste dallo Statuto del Partito<\/em>\u201d.<div id=\"div-gpt-ad-Messinaoggi.it-DSK-300x250-corpoart\" style=\"text-align:center;margin:0 auto;\"><\/div><\/p>\n<p style=\"text-align: justify;\">Venerd\u00ec alle 18 ci potrebbe essere la riunione decisiva: <em>\u201cSiamo impegnati a individuare un programma e candidatura unitaria che lo sappia incarnare attraverso una discussione franca ed aperta al contributo di tutti: c\u2019\u00e8 piena consapevolezza della necessit\u00e0 di un sincero bagno di umilt\u00e0 che porti il Partito ad aprirsi al confronto diretto con la societ\u00e0 e con i suoi mondi di riferimento, tornando al dialogo diretto con la citt\u00e0 reale, lontano dall\u2019autoreferenzialit\u00e0 e dalle decisioni assunte da pochi e \u201ccalate\u201d dall\u2019alto. \u00a0Vi \u00e8 piena consapevolezza di dover tornare a coinvolgere gli operai, i giovani, i precari, i disoccupati, gli abitanti dei tanti quartieri degradati della citt\u00e0, cio\u00e8 quella parte di societ\u00e0 che da troppo tempo si sente lontana dalla nostra proposta politica. Il Segretario provinciale acquisir\u00e0 disponibilit\u00e0 ed ipotesi di candidature da approfondire collegialmente e condividere con la coalizione che si sta formano e con la citt\u00e0\u201d.<\/em><div id=\"videoincontent\" style=\"clear:both\";><\/div><\/p>\n","protected":false},"excerpt":{"rendered":"<p>Sono\u00a0 giorni di riflessione per il Partito Democratico, alle prese con un profondo confronto interno dopo la debacle delle elezioni politiche. Neanche il tempo di assorbire la botta, che all\u2019orizzonte compaiono i programmi per le amministrative. \u201cLa direzione \u2013 si legge in un comunicato stampa &#8211; del partito ha intenzione di coinvolgere quanti pi\u00f9 attori [&hellip;]<\/p>\n","protected":false},"author":2,"featured_media":15162,"comment_status":"closed","ping_status":"open","sticky":false,"template":"","format":"standard","meta":{"ub_ctt_via":"","_mi_skip_tracking":false},"categories":[4],"tags":[],"featured_image_src":"https:\/\/www.messinaoggi.it\/website\/wp-content\/uploads\/2018\/02\/pd-RRP_2106-1.jpg","author_info":{"display_name":"Redazione","author_link":"https:\/\/www.messinaoggi.it\/website\/author\/redazione\/"},"digistream_id":0,"digistream":false,"_links":{"self":[{"href":"https:\/\/www.messinaoggi.it\/website\/wp-json\/wp\/v2\/posts\/16734"}],"collection":[{"href":"https:\/\/www.messinaoggi.it\/website\/wp-json\/wp\/v2\/posts"}],"about":[{"href":"https:\/\/www.messinaoggi.it\/website\/wp-json\/wp\/v2\/types\/post"}],"author":[{"embeddable":true,"href":"https:\/\/www.messinaoggi.it\/website\/wp-json\/wp\/v2\/users\/2"}],"replies":[{"embeddable":true,"href":"https:\/\/www.messinaoggi.it\/website\/wp-json\/wp\/v2\/comments?post=16734"}],"version-history":[{"count":0,"href":"https:\/\/www.messinaoggi.it\/website\/wp-json\/wp\/v2\/posts\/16734\/revisions"}],"wp:featuredmedia":[{"embeddable":true,"href":"https:\/\/www.messinaoggi.it\/website\/wp-json\/wp\/v2\/media\/15162"}],"wp:attachment":[{"href":"https:\/\/www.messinaoggi.it\/website\/wp-json\/wp\/v2\/media?parent=16734"}],"wp:term":[{"taxonomy":"category","embeddable":true,"href":"https:\/\/www.messinaoggi.it\/website\/wp-json\/wp\/v2\/categories?post=16734"},{"taxonomy":"post_tag","embeddable":true,"href":"https:\/\/www.messinaoggi.it\/website\/wp-json\/wp\/v2\/tags?post=16734"}],"curies":[{"name":"wp","href":"https:\/\/api.w.org\/{rel}","templated":true}]}}