{"id":167338,"date":"2023-08-29T12:08:00","date_gmt":"2023-08-29T10:08:00","guid":{"rendered":"https:\/\/www.messinaoggi.it\/website\/2023\/08\/29\/manovra-calenda-mettere-le-risorse-sulla-sanita\/"},"modified":"2023-08-29T12:08:00","modified_gmt":"2023-08-29T10:08:00","slug":"manovra-calenda-mettere-le-risorse-sulla-sanita","status":"publish","type":"post","link":"https:\/\/www.messinaoggi.it\/website\/2023\/08\/29\/manovra-calenda-mettere-le-risorse-sulla-sanita\/","title":{"rendered":"Manovra, Calenda \u201cMettere le risorse sulla sanit\u00e0\u201d"},"content":{"rendered":"<div>ROMA (ITALPRESS) &#8211; &#8220;I soldi per la manovra sono pochi. Prima di ogni altra cosa vanno messi sulla sanit\u00e0. Ogni famiglia italiana ha un genitore o un nonno (nella migliore delle ipotesi) che necessitano di cure o assistenza. L&#8217;Italia \u00e8 infatti uno dei paesi con la pi\u00f9 alta aspettativa di vita e conseguentemente con il pi\u00f9 alto tasso di malattie croniche&#8221;. Lo scrive su X (ex twitter) il leader di Azione Carlo Calenda.<br \/>&#8220;Oggi &#8211; aggiunge &#8211; il privato non convenzionato \u00e8 spesso l&#8217;unica soluzione per curarsi a causa delle liste d&#8217;attesa. Ha poco senso levare 30 euro al mese di tasse e poi far pagare migliaia di euro l&#8217;anno per le cure mediche. Capisco che la propaganda &#8220;tagliamo le tasse&#8221; sembra funzionare meglio, ma sono decenni che in Italia questa retorica si trasforma in una bolla di sapone. E i cittadini lo sanno. Riflettici Giorgia Meloni&#8221;.<br \/>-foto Agenzia Fotogramma-<br \/>(ITALPRESS).<\/div>\n<div id=\"div-gpt-ad-Messinaoggi.it-DSK-300x250-corpoart\" style=\"text-align:center;margin:0 auto;\"><\/div><\/p><div id=\"videoincontent\" style=\"clear:both\";><\/div>","protected":false},"excerpt":{"rendered":"<p>ROMA (ITALPRESS) &#8211; &#8220;I soldi per la manovra sono pochi. Prima di ogni altra cosa vanno messi sulla sanit\u00e0. Ogni famiglia italiana ha un genitore o un nonno (nella migliore delle ipotesi) che necessitano di cure o assistenza. L&#8217;Italia \u00e8 infatti uno dei paesi con la pi\u00f9 alta aspettativa di vita e conseguentemente con il [&hellip;]<\/p>\n","protected":false},"author":18,"featured_media":167339,"comment_status":"closed","ping_status":"closed","sticky":false,"template":"","format":"standard","meta":{"ub_ctt_via":"","_mi_skip_tracking":false},"categories":[446],"tags":[783],"featured_image_src":"https:\/\/www.messinaoggi.it\/website\/wp-content\/uploads\/2023\/08\/20230829_0282.jpg","author_info":{"display_name":"Admin","author_link":"https:\/\/www.messinaoggi.it\/website\/author\/admin\/"},"digistream_id":0,"digistream":false,"_links":{"self":[{"href":"https:\/\/www.messinaoggi.it\/website\/wp-json\/wp\/v2\/posts\/167338"}],"collection":[{"href":"https:\/\/www.messinaoggi.it\/website\/wp-json\/wp\/v2\/posts"}],"about":[{"href":"https:\/\/www.messinaoggi.it\/website\/wp-json\/wp\/v2\/types\/post"}],"author":[{"embeddable":true,"href":"https:\/\/www.messinaoggi.it\/website\/wp-json\/wp\/v2\/users\/18"}],"replies":[{"embeddable":true,"href":"https:\/\/www.messinaoggi.it\/website\/wp-json\/wp\/v2\/comments?post=167338"}],"version-history":[{"count":0,"href":"https:\/\/www.messinaoggi.it\/website\/wp-json\/wp\/v2\/posts\/167338\/revisions"}],"wp:featuredmedia":[{"embeddable":true,"href":"https:\/\/www.messinaoggi.it\/website\/wp-json\/wp\/v2\/media\/167339"}],"wp:attachment":[{"href":"https:\/\/www.messinaoggi.it\/website\/wp-json\/wp\/v2\/media?parent=167338"}],"wp:term":[{"taxonomy":"category","embeddable":true,"href":"https:\/\/www.messinaoggi.it\/website\/wp-json\/wp\/v2\/categories?post=167338"},{"taxonomy":"post_tag","embeddable":true,"href":"https:\/\/www.messinaoggi.it\/website\/wp-json\/wp\/v2\/tags?post=167338"}],"curies":[{"name":"wp","href":"https:\/\/api.w.org\/{rel}","templated":true}]}}