{"id":167321,"date":"2023-08-29T09:45:30","date_gmt":"2023-08-29T07:45:30","guid":{"rendered":"http:\/\/www.messinaoggi.it\/website\/?p=167321"},"modified":"2023-08-29T09:45:31","modified_gmt":"2023-08-29T07:45:31","slug":"cade-in-un-burrone-non-ce-lha-fatta-giuseppe-savoca","status":"publish","type":"post","link":"https:\/\/www.messinaoggi.it\/website\/2023\/08\/29\/cade-in-un-burrone-non-ce-lha-fatta-giuseppe-savoca\/","title":{"rendered":"Cade in un burrone: non ce l&#8217;ha fatta Giuseppe Savoca"},"content":{"rendered":"\n<p>Non ce l&#8217;ha fatta Giuseppe Savoca, il 56enne taorminese che nella notte tra il 13 e il 14 agosto era finito in un dirupo di Graniti. Le condizioni erano talmente gravi che a poco sono bastati gli sforzi di mantenerlo in vita da parte dei medici del reparto di Terapia intensiva del Policlinico di Messina, dove era stato ricoverato nelle ultime due settimane.<div id=\"div-gpt-ad-Messinaoggi.it-DSK-300x250-corpoart\" style=\"text-align:center;margin:0 auto;\"><\/div><\/p>\n\n\n\n<p>Tra il 13 e il 14 agosto, dopo una serata in compagnia di alcuni amici presso un ristorante di Graniti, Savoca \u00e8 finito accidentalmente in un burrone profondo una decina di metri dopo essere inciampato su uno scalino. La situazione era apparsa grave fin da subito per le numerose ferite riportate dall&#8217;uomo, tra cui danni al polmone e fratture a bacino, costole e femore. Tant&#8217;\u00e8 che dopo le prime cure prestate all&#8217;ospedale di Taormina era stato trasferito al Policlinico di Messina per via della gravit\u00e0 delle ferite.<div id=\"videoincontent\" style=\"clear:both\";><\/div><\/p>\n\n\n\n<p>Sotto shock la comunit\u00e0 di Taormina, che ha perso una persona tanto rispettata quanto stimata. E tanta, tanta rabbia: l&#8217;uomo \u00e8 caduto in corrispondenza di un tratto di strada non transennato. \u00c8 probabile che una qualche forma di recinzione avrebbe fatto la differenza, evitando che Savoca facesse quel volo che poi \u00e8 risultato essere fatale.<\/p>\n","protected":false},"excerpt":{"rendered":"<p>Non ce l&#8217;ha fatta Giuseppe Savoca, il 56enne taorminese che nella notte tra il 13 e il 14 agosto era finito in un dirupo di Graniti. Le condizioni erano talmente gravi che a poco sono bastati gli sforzi di mantenerlo in vita da parte dei medici del reparto di Terapia intensiva del Policlinico di Messina, [&hellip;]<\/p>\n","protected":false},"author":8,"featured_media":167322,"comment_status":"open","ping_status":"open","sticky":false,"template":"","format":"standard","meta":{"ub_ctt_via":"","_mi_skip_tracking":false},"categories":[6],"tags":[2132,6379],"featured_image_src":"https:\/\/www.messinaoggi.it\/website\/wp-content\/uploads\/2023\/08\/giuseppe-savoca.jpg","author_info":{"display_name":"red..me","author_link":"https:\/\/www.messinaoggi.it\/website\/author\/redstage\/"},"digistream_id":0,"digistream":false,"_links":{"self":[{"href":"https:\/\/www.messinaoggi.it\/website\/wp-json\/wp\/v2\/posts\/167321"}],"collection":[{"href":"https:\/\/www.messinaoggi.it\/website\/wp-json\/wp\/v2\/posts"}],"about":[{"href":"https:\/\/www.messinaoggi.it\/website\/wp-json\/wp\/v2\/types\/post"}],"author":[{"embeddable":true,"href":"https:\/\/www.messinaoggi.it\/website\/wp-json\/wp\/v2\/users\/8"}],"replies":[{"embeddable":true,"href":"https:\/\/www.messinaoggi.it\/website\/wp-json\/wp\/v2\/comments?post=167321"}],"version-history":[{"count":1,"href":"https:\/\/www.messinaoggi.it\/website\/wp-json\/wp\/v2\/posts\/167321\/revisions"}],"predecessor-version":[{"id":167323,"href":"https:\/\/www.messinaoggi.it\/website\/wp-json\/wp\/v2\/posts\/167321\/revisions\/167323"}],"wp:featuredmedia":[{"embeddable":true,"href":"https:\/\/www.messinaoggi.it\/website\/wp-json\/wp\/v2\/media\/167322"}],"wp:attachment":[{"href":"https:\/\/www.messinaoggi.it\/website\/wp-json\/wp\/v2\/media?parent=167321"}],"wp:term":[{"taxonomy":"category","embeddable":true,"href":"https:\/\/www.messinaoggi.it\/website\/wp-json\/wp\/v2\/categories?post=167321"},{"taxonomy":"post_tag","embeddable":true,"href":"https:\/\/www.messinaoggi.it\/website\/wp-json\/wp\/v2\/tags?post=167321"}],"curies":[{"name":"wp","href":"https:\/\/api.w.org\/{rel}","templated":true}]}}