{"id":167166,"date":"2023-08-26T21:08:03","date_gmt":"2023-08-26T19:08:03","guid":{"rendered":"https:\/\/www.messinaoggi.it\/website\/2023\/08\/26\/caro-benzina-urso-accise-servono-per-i-tagli-del-cuneo-fiscale\/"},"modified":"2023-08-26T21:08:03","modified_gmt":"2023-08-26T19:08:03","slug":"caro-benzina-urso-accise-servono-per-i-tagli-del-cuneo-fiscale","status":"publish","type":"post","link":"https:\/\/www.messinaoggi.it\/website\/2023\/08\/26\/caro-benzina-urso-accise-servono-per-i-tagli-del-cuneo-fiscale\/","title":{"rendered":"Caro benzina, Urso \u201cAccise servono per i tagli del cuneo fiscale\u201d"},"content":{"rendered":"<div>CEGLIE MESSAPICA (BRINDISI) (ITALPRESS) &#8211; &#8220;Il prezzo che c&#8217;\u00e8 in Italia, depurato dalle accise, \u00e8 il pi\u00f9 basso d&#8217;Europa&#8221;. Lo ha detto Adolfo Urso, ministro delle Imprese e del Made in Italy, intervenuto in collegamento durante &#8216;La Piazza &#8211; Il Bene Comun\u00e8, la kermesse di &#8216;affaritalian\u00ec organizzata a Ceglie Messapica (Brindisi). Il ministro, per\u00f2, ha spiegato che &#8220;le accise servono per rendere strutturali i tagli del cuneo fiscale&#8221;. E, in merito, Urso ha criticato la mossa di Draghi di un anno fa: &#8220;Il taglio di 25 centesimi alle accise fatto da Draghi \u00e8 costato un miliardo di euro ai contribuenti. Se lo dovessimo fare oggi, questo costerebbe diversi miliardi agli italiani&#8221;. Parlando infine del decreto trasparenza di qualche mese fa, il ministro ha affermato: &#8220;Il provvedimento ha avuto la sua efficacia. Oggi il consumatore pu\u00f2 scegliere dove rifornirsi, grazie al tabellone che indica il prezzo pi\u00f9 conveniente&#8221;. (ITALPRESS).<div id=\"div-gpt-ad-Messinaoggi.it-DSK-300x250-corpoart\" style=\"text-align:center;margin:0 auto;\"><\/div><\/p>\n<p>Foto: Agenzia Fotogramma<div id=\"videoincontent\" style=\"clear:both\";><\/div><\/p><\/div>\n","protected":false},"excerpt":{"rendered":"<p>CEGLIE MESSAPICA (BRINDISI) (ITALPRESS) &#8211; &#8220;Il prezzo che c&#8217;\u00e8 in Italia, depurato dalle accise, \u00e8 il pi\u00f9 basso d&#8217;Europa&#8221;. Lo ha detto Adolfo Urso, ministro delle Imprese e del Made in Italy, intervenuto in collegamento durante &#8216;La Piazza &#8211; Il Bene Comun\u00e8, la kermesse di &#8216;affaritalian\u00ec organizzata a Ceglie Messapica (Brindisi). Il ministro, per\u00f2, ha [&hellip;]<\/p>\n","protected":false},"author":18,"featured_media":167167,"comment_status":"closed","ping_status":"closed","sticky":false,"template":"","format":"standard","meta":{"ub_ctt_via":"","_mi_skip_tracking":false},"categories":[446],"tags":[783],"featured_image_src":"https:\/\/www.messinaoggi.it\/website\/wp-content\/uploads\/2023\/08\/20230826_1488.jpg","author_info":{"display_name":"Admin","author_link":"https:\/\/www.messinaoggi.it\/website\/author\/admin\/"},"digistream_id":0,"digistream":false,"_links":{"self":[{"href":"https:\/\/www.messinaoggi.it\/website\/wp-json\/wp\/v2\/posts\/167166"}],"collection":[{"href":"https:\/\/www.messinaoggi.it\/website\/wp-json\/wp\/v2\/posts"}],"about":[{"href":"https:\/\/www.messinaoggi.it\/website\/wp-json\/wp\/v2\/types\/post"}],"author":[{"embeddable":true,"href":"https:\/\/www.messinaoggi.it\/website\/wp-json\/wp\/v2\/users\/18"}],"replies":[{"embeddable":true,"href":"https:\/\/www.messinaoggi.it\/website\/wp-json\/wp\/v2\/comments?post=167166"}],"version-history":[{"count":0,"href":"https:\/\/www.messinaoggi.it\/website\/wp-json\/wp\/v2\/posts\/167166\/revisions"}],"wp:featuredmedia":[{"embeddable":true,"href":"https:\/\/www.messinaoggi.it\/website\/wp-json\/wp\/v2\/media\/167167"}],"wp:attachment":[{"href":"https:\/\/www.messinaoggi.it\/website\/wp-json\/wp\/v2\/media?parent=167166"}],"wp:term":[{"taxonomy":"category","embeddable":true,"href":"https:\/\/www.messinaoggi.it\/website\/wp-json\/wp\/v2\/categories?post=167166"},{"taxonomy":"post_tag","embeddable":true,"href":"https:\/\/www.messinaoggi.it\/website\/wp-json\/wp\/v2\/tags?post=167166"}],"curies":[{"name":"wp","href":"https:\/\/api.w.org\/{rel}","templated":true}]}}