{"id":167160,"date":"2023-08-26T17:36:55","date_gmt":"2023-08-26T15:36:55","guid":{"rendered":"http:\/\/www.messinaoggi.it\/website\/?p=167160"},"modified":"2023-08-26T17:36:56","modified_gmt":"2023-08-26T15:36:56","slug":"verso-la-fine-del-gran-caldo-da-lunedi-crollo-di-10-gradi","status":"publish","type":"post","link":"https:\/\/www.messinaoggi.it\/website\/2023\/08\/26\/verso-la-fine-del-gran-caldo-da-lunedi-crollo-di-10-gradi\/","title":{"rendered":"Verso la fine del gran caldo: da luned\u00ec crollo di 10 gradi"},"content":{"rendered":"\n<p>Da almeno 8 giorni l&#8217;afa dimora tenacemente sul bacino centrale del Mediterraneo, stagnando mediante impasse circolatorio soprattutto sul bollente Tirreno meridionale.<div id=\"div-gpt-ad-Messinaoggi.it-DSK-300x250-corpoart\" style=\"text-align:center;margin:0 auto;\"><\/div><\/p>\n\n\n\n<p>L&#8217;assoluta assenza di una seria perturbazione rimescalante in grado in innescare una autentica svolta, la perpetua evaporazione di un Tirreno brodaglia unitamente ai gas in sospensione in arrivo dagli incendi grechi, sono le concasuse di una cappa di vapore acqueo invivibile.<div id=\"videoincontent\" style=\"clear:both\";><\/div><\/p>\n\n\n\n<p>La qualit\u00e0 dell&#8217;aria \u00e8 nettamente peggiorata, non si respira, si suda da fermi, il dew point \u00e8 stellare, l&#8217;atmosfera \u00e8 in stallo, insalubre e greve da diverse settimane.<br>Ma per fortuna, nelle prossime ore beneficeremo di un tangibile ricambio circolatorio in atto oggi sulle regioni settentrionali, che dovranno prepararsi e gestire una fase perturbata estrema.<\/p>\n\n\n\n<p>Come testifica eloquentemente Ecmwf, domenica la Sicilia sar\u00e0 transeuntemente arroventata da un fugace richiamo subtropicale di natura pre-frontale, in risposta alla percussione occidentale del fronte freddo di natura oceanica.<\/p>\n\n\n\n<p>Mentre su gran parte dello Stivale infurieranno devastanti temporali accompagnati da frequentissime fulminazioni e distruttive grandinate, la Sicilia sar\u00e0 inserita nel ramo ascendente che implicher\u00e0 un caldo e secco flusso libecciale.<\/p>\n\n\n\n<p>La +22 a 850 hpa assurger\u00e0 transeuntemente scortata da una tesa ventilazione merdionale, mentre una sottile nuvolosit\u00e0 cirriforme potrebbe annacquare il soleggiamento.<br>Luned\u00ec la cresta rovente sar\u00e0 respinta dall&#8217;ingresso dei primi aliti temperati, che nettando l&#8217;atmosfera ai bassi strati, origineranno una marcata cumulo genesi marittima, senza alcun gradiente verticale.<\/p>\n\n\n\n<p>Perch\u00e9 non saremo alla merc\u00e9 dei violentissimi temporali alluvionale destinati alle malcapitate regioni settentrionali? Semplice, perch\u00e9 il sistema frontale marcer\u00e0 da ovest verso est e non seguir\u00e0 una traiettoria meridiana. Il fulcro freddo a 500 hpa transiter\u00e0 soltanto al settenrironale, mentre il Messinese sar\u00e0 interessato traseuntemente da una innocua -12 a 500 hpa. La -12 a 500 hpa pu\u00f2 generare qualche cellula temporalesca nelle ore serali e notturne, ma in giornata non potr\u00e0 mai indurre il Tirreno a una risposta convettiva di buona qualit\u00e0, destinata a parte della Calabria tirrenica soltanto in alcuni frangenti, senza fenomeni alluvionali.<\/p>\n\n\n\n<p>Con questo quadro sinottico ben delineato, domenica il tempo sar\u00e0 discreto ma non marcatamente stabile e con qualche disturbo libecciale. Il cielo sar\u00e0 solcato da sterili cirri africani, mentre la termo convezione osserver\u00e0 un turno di riposo, inibita da geopotenziali particolarmente alti.<\/p>\n\n\n\n<p>Luned\u00ec il flusso Atlantico sbarcher\u00e0 in Sicilia, adducendo cumuli a ripetizione e isolati congesti congesti marittimi. Sar\u00e0 molto difficile l&#8217;innesco di focolai temporaleschi ben strutturati e possenti, a causa di blandi contrasti termici.<br>Variabilit\u00e0 localmente negativa, occasionali pioviggini insignificanti, stau e tempesta di ponente rigenerante. Nulla di pi\u00f9.<\/p>\n\n\n\n<p>Luned\u00ec i venti saranno localmente molto forti sopratutto in mare aperto, con sosentute raffiche anabatiche prossime ai 70-80 km\/h che provocheranno una insidiosa mareggiata erosiva di moderata entit\u00e0. Tirreno non pi\u00f9 avvicinabile almeno fino a gioved\u00ec mattina.<\/p>\n\n\n\n<p>La temperatura inizier\u00e0 la sua inesorabile discesa dalla mattinata di luned\u00ec e raggiunger\u00e0 il picco discendente marted\u00ec, quando le massime al livello a stento varcheranno la soglia dei 24\u00b0. Il tasso dell&#8217;Ur far\u00e0 segnare valori mediamente elevati compresi fra il 50 e l&#8217;80%.<\/p>\n\n\n\n<p>In collina occoreranno le giacchettine autunnali poich\u00e9 il wind chill sar\u00e0 ficcante.<br>Le tendenze del tempo a medio termine prefigurano un migliramento infrasettimanale, con cielo poco nuvoloso e grande tepore. Ma attenzione alla prima decade di settembre perch\u00e9 l&#8217;ITCZ non sembra voler demordere. Vietato effettuare il cambio stagione.<\/p>\n\n\n\n<p><strong>Alessio Campobello<\/strong><br><\/p>\n","protected":false},"excerpt":{"rendered":"<p>Da almeno 8 giorni l&#8217;afa dimora tenacemente sul bacino centrale del Mediterraneo, stagnando mediante impasse circolatorio soprattutto sul bollente Tirreno meridionale. L&#8217;assoluta assenza di una seria perturbazione rimescalante in grado in innescare una autentica svolta, la perpetua evaporazione di un Tirreno brodaglia unitamente ai gas in sospensione in arrivo dagli incendi grechi, sono le concasuse [&hellip;]<\/p>\n","protected":false},"author":8,"featured_media":167161,"comment_status":"open","ping_status":"open","sticky":false,"template":"","format":"standard","meta":{"ub_ctt_via":"","_mi_skip_tracking":false},"categories":[6],"tags":[1225,178],"featured_image_src":"https:\/\/www.messinaoggi.it\/website\/wp-content\/uploads\/2023\/08\/IMG-20230826-WA0048.jpg","author_info":{"display_name":"red..me","author_link":"https:\/\/www.messinaoggi.it\/website\/author\/redstage\/"},"digistream_id":0,"digistream":false,"_links":{"self":[{"href":"https:\/\/www.messinaoggi.it\/website\/wp-json\/wp\/v2\/posts\/167160"}],"collection":[{"href":"https:\/\/www.messinaoggi.it\/website\/wp-json\/wp\/v2\/posts"}],"about":[{"href":"https:\/\/www.messinaoggi.it\/website\/wp-json\/wp\/v2\/types\/post"}],"author":[{"embeddable":true,"href":"https:\/\/www.messinaoggi.it\/website\/wp-json\/wp\/v2\/users\/8"}],"replies":[{"embeddable":true,"href":"https:\/\/www.messinaoggi.it\/website\/wp-json\/wp\/v2\/comments?post=167160"}],"version-history":[{"count":1,"href":"https:\/\/www.messinaoggi.it\/website\/wp-json\/wp\/v2\/posts\/167160\/revisions"}],"predecessor-version":[{"id":167162,"href":"https:\/\/www.messinaoggi.it\/website\/wp-json\/wp\/v2\/posts\/167160\/revisions\/167162"}],"wp:featuredmedia":[{"embeddable":true,"href":"https:\/\/www.messinaoggi.it\/website\/wp-json\/wp\/v2\/media\/167161"}],"wp:attachment":[{"href":"https:\/\/www.messinaoggi.it\/website\/wp-json\/wp\/v2\/media?parent=167160"}],"wp:term":[{"taxonomy":"category","embeddable":true,"href":"https:\/\/www.messinaoggi.it\/website\/wp-json\/wp\/v2\/categories?post=167160"},{"taxonomy":"post_tag","embeddable":true,"href":"https:\/\/www.messinaoggi.it\/website\/wp-json\/wp\/v2\/tags?post=167160"}],"curies":[{"name":"wp","href":"https:\/\/api.w.org\/{rel}","templated":true}]}}