{"id":167132,"date":"2023-08-26T12:48:18","date_gmt":"2023-08-26T10:48:18","guid":{"rendered":"http:\/\/www.messinaoggi.it\/website\/?p=167132"},"modified":"2023-08-26T12:48:19","modified_gmt":"2023-08-26T10:48:19","slug":"acr-messina-store-piano-marketing-e-nuovo-speaker","status":"publish","type":"post","link":"https:\/\/www.messinaoggi.it\/website\/2023\/08\/26\/acr-messina-store-piano-marketing-e-nuovo-speaker\/","title":{"rendered":"Acr Messina, store, piano marketing e nuovo speaker"},"content":{"rendered":"\n<p>Il giorno dell\u2019annuncio \u00e8 arrivato, il Messina avr\u00e0 un proprio Store per la vendita dei prodotti ufficiali e il merchandising. Durante la conferenza stampa tenutasi al Marullo di Bisconte \u00e8 stato il direttore operativo <strong>Angelo Costa <\/strong>ad annunciare la partnership con il punto vendita \u201cI like sport\u201d, sito in viale San Martino 245.<div id=\"div-gpt-ad-Messinaoggi.it-DSK-300x250-corpoart\" style=\"text-align:center;margin:0 auto;\"><\/div><\/p>\n\n\n\n<p>La novit\u00e0 \u00e8 l\u2019introduzione del kit del tifoso, cui si aggiunger\u00e0 la vendita di vari gadget che altri punti vendita metteranno a disposizione di ogni tifoso del Messina.<div id=\"videoincontent\" style=\"clear:both\";><\/div><\/p>\n\n\n\n<p>Oltre queste novit\u00e0 saranno anche disponibili i kit ufficiali da gara che la squadra user\u00e0 durante il campionato di serie C di quest\u2019anno.<\/p>\n\n\n\n<p>La vendita al pubblico sar\u00e0 effettuata sia presso lo store fisico che, come detto dal direttore Costa, tramite il sito ufficiale della societ\u00e0, vista la grande affluenza di richieste.<\/p>\n\n\n\n<p>Alla conferenza stampa era presente il dott. <strong>Giovanni Zuccal\u00e0<\/strong>, in rappresentanza dell\u2019esercizio commerciale \u201cI Like Sport\u201d, da anni attivo nel mondo dello sport e punto di riferimento per l\u2019abbigliamento sportivo cittadino.<\/p>\n\n\n\n<p>\u201cSono orgoglioso di avere raggiunto questo accordo con la principale societ\u00e0 di calcio cittadino, dopo che la nostra azienda in passato \u00e8 stata coinvolta in altri progetti con societ\u00e0 sportive messinesi\u201d.<\/p>\n\n\n\n<p>La vendita dei prodotti ufficiali dell\u2019Acr Messina scatter\u00e0 nei prossimi giorni.<\/p>\n\n\n\n<p>Il direttore operativo ha fatto anche presente che \u00e8 stato gi\u00e0 realizzato un piano marketing per attrarre imprenditori di Messina e provincia che potranno farsi avanti.<\/p>\n\n\n\n<p>L\u2019addetto stampa <strong>Davide Gambale<\/strong> ha invece annunciato un\u2019altra novit\u00e0, che era stata anticipata tramite social: la voce del Messina nella prossima stagione. Il nuovo speaker dei match casalinghi Vincenzo Maira, conosciuto come Speaker Maira.<\/p>\n","protected":false},"excerpt":{"rendered":"<p>Il giorno dell\u2019annuncio \u00e8 arrivato, il Messina avr\u00e0 un proprio Store per la vendita dei prodotti ufficiali e il merchandising. Durante la conferenza stampa tenutasi al Marullo di Bisconte \u00e8 stato il direttore operativo Angelo Costa ad annunciare la partnership con il punto vendita \u201cI like sport\u201d, sito in viale San Martino 245. La novit\u00e0 [&hellip;]<\/p>\n","protected":false},"author":15,"featured_media":167133,"comment_status":"open","ping_status":"open","sticky":false,"template":"","format":"standard","meta":{"ub_ctt_via":"","_mi_skip_tracking":false},"categories":[10,9],"tags":[24,6810,6806],"featured_image_src":"https:\/\/www.messinaoggi.it\/website\/wp-content\/uploads\/2023\/08\/Messina-store.jpg","author_info":{"display_name":"red.me","author_link":"https:\/\/www.messinaoggi.it\/website\/author\/red-me\/"},"digistream_id":0,"digistream":false,"_links":{"self":[{"href":"https:\/\/www.messinaoggi.it\/website\/wp-json\/wp\/v2\/posts\/167132"}],"collection":[{"href":"https:\/\/www.messinaoggi.it\/website\/wp-json\/wp\/v2\/posts"}],"about":[{"href":"https:\/\/www.messinaoggi.it\/website\/wp-json\/wp\/v2\/types\/post"}],"author":[{"embeddable":true,"href":"https:\/\/www.messinaoggi.it\/website\/wp-json\/wp\/v2\/users\/15"}],"replies":[{"embeddable":true,"href":"https:\/\/www.messinaoggi.it\/website\/wp-json\/wp\/v2\/comments?post=167132"}],"version-history":[{"count":1,"href":"https:\/\/www.messinaoggi.it\/website\/wp-json\/wp\/v2\/posts\/167132\/revisions"}],"predecessor-version":[{"id":167134,"href":"https:\/\/www.messinaoggi.it\/website\/wp-json\/wp\/v2\/posts\/167132\/revisions\/167134"}],"wp:featuredmedia":[{"embeddable":true,"href":"https:\/\/www.messinaoggi.it\/website\/wp-json\/wp\/v2\/media\/167133"}],"wp:attachment":[{"href":"https:\/\/www.messinaoggi.it\/website\/wp-json\/wp\/v2\/media?parent=167132"}],"wp:term":[{"taxonomy":"category","embeddable":true,"href":"https:\/\/www.messinaoggi.it\/website\/wp-json\/wp\/v2\/categories?post=167132"},{"taxonomy":"post_tag","embeddable":true,"href":"https:\/\/www.messinaoggi.it\/website\/wp-json\/wp\/v2\/tags?post=167132"}],"curies":[{"name":"wp","href":"https:\/\/api.w.org\/{rel}","templated":true}]}}