{"id":167068,"date":"2023-08-25T17:08:02","date_gmt":"2023-08-25T15:08:02","guid":{"rendered":"https:\/\/www.messinaoggi.it\/website\/2023\/08\/25\/scuola-valditara-a-breve-ddl-su-voto-in-condotta-e-sospensione\/"},"modified":"2023-08-25T17:08:02","modified_gmt":"2023-08-25T15:08:02","slug":"scuola-valditara-a-breve-ddl-su-voto-in-condotta-e-sospensione","status":"publish","type":"post","link":"https:\/\/www.messinaoggi.it\/website\/2023\/08\/25\/scuola-valditara-a-breve-ddl-su-voto-in-condotta-e-sospensione\/","title":{"rendered":"Scuola, Valditara \u201cA breve ddl su voto in condotta e sospensione\u201d"},"content":{"rendered":"<div>RIMINI (ITALPRESS) &#8211; &#8220;Vareremo tra qualche settimana un disegno di legge sul voto in condotta e sulla sospensione. Anche questi sono strumenti importanti per dare ai docenti dei poteri&#8221;. Cos\u00ec il ministro dell&#8217;Istruzione, Giuseppe Valditara, al Meeting di Rimini.<br \/>&#8220;L&#8217;Italia \u00e8 drammaticamente spaccata in due, ed \u00e8 moralmente inaccettabile un Paese spaccato in due sulla scuola, e se non si offrono pari opportunit\u00e0 formative ci saranno ragazzi che non avranno un futuro degno di questo nome&#8221;, ha sottolineato Valditara.<br \/>&#8220;Ho lanciato Agenda Sud, con la quale abbiamo individuato 240 scuole sulla base di alcuni indicatori con all&#8217;interno 10 azioni importanti e, se l&#8217;esperimento funziona, aumenteremo in modo significativo queste scuole&#8221;, ha proseguito il ministro.<div id=\"div-gpt-ad-Messinaoggi.it-DSK-300x250-corpoart\" style=\"text-align:center;margin:0 auto;\"><\/div><\/p>\n<p>&#8211; foto: Agenzia Fotogramma &#8211;<div id=\"videoincontent\" style=\"clear:both\";><\/div><\/p>\n<p>(ITALPRESS).<\/p><\/div>\n","protected":false},"excerpt":{"rendered":"<p>RIMINI (ITALPRESS) &#8211; &#8220;Vareremo tra qualche settimana un disegno di legge sul voto in condotta e sulla sospensione. Anche questi sono strumenti importanti per dare ai docenti dei poteri&#8221;. Cos\u00ec il ministro dell&#8217;Istruzione, Giuseppe Valditara, al Meeting di Rimini.&#8220;L&#8217;Italia \u00e8 drammaticamente spaccata in due, ed \u00e8 moralmente inaccettabile un Paese spaccato in due sulla scuola, [&hellip;]<\/p>\n","protected":false},"author":18,"featured_media":167069,"comment_status":"closed","ping_status":"closed","sticky":false,"template":"","format":"standard","meta":{"ub_ctt_via":"","_mi_skip_tracking":false},"categories":[446],"tags":[783],"featured_image_src":"https:\/\/www.messinaoggi.it\/website\/wp-content\/uploads\/2023\/08\/20230825_1246-300x206-1.jpg","author_info":{"display_name":"Admin","author_link":"https:\/\/www.messinaoggi.it\/website\/author\/admin\/"},"digistream_id":0,"digistream":false,"_links":{"self":[{"href":"https:\/\/www.messinaoggi.it\/website\/wp-json\/wp\/v2\/posts\/167068"}],"collection":[{"href":"https:\/\/www.messinaoggi.it\/website\/wp-json\/wp\/v2\/posts"}],"about":[{"href":"https:\/\/www.messinaoggi.it\/website\/wp-json\/wp\/v2\/types\/post"}],"author":[{"embeddable":true,"href":"https:\/\/www.messinaoggi.it\/website\/wp-json\/wp\/v2\/users\/18"}],"replies":[{"embeddable":true,"href":"https:\/\/www.messinaoggi.it\/website\/wp-json\/wp\/v2\/comments?post=167068"}],"version-history":[{"count":0,"href":"https:\/\/www.messinaoggi.it\/website\/wp-json\/wp\/v2\/posts\/167068\/revisions"}],"wp:featuredmedia":[{"embeddable":true,"href":"https:\/\/www.messinaoggi.it\/website\/wp-json\/wp\/v2\/media\/167069"}],"wp:attachment":[{"href":"https:\/\/www.messinaoggi.it\/website\/wp-json\/wp\/v2\/media?parent=167068"}],"wp:term":[{"taxonomy":"category","embeddable":true,"href":"https:\/\/www.messinaoggi.it\/website\/wp-json\/wp\/v2\/categories?post=167068"},{"taxonomy":"post_tag","embeddable":true,"href":"https:\/\/www.messinaoggi.it\/website\/wp-json\/wp\/v2\/tags?post=167068"}],"curies":[{"name":"wp","href":"https:\/\/api.w.org\/{rel}","templated":true}]}}