{"id":167061,"date":"2023-08-25T16:08:07","date_gmt":"2023-08-25T14:08:07","guid":{"rendered":"https:\/\/www.messinaoggi.it\/website\/2023\/08\/25\/non-solo-azmoun-per-la-roma-mou-arrivera-unaltra-punta\/"},"modified":"2023-08-25T16:08:07","modified_gmt":"2023-08-25T14:08:07","slug":"non-solo-azmoun-per-la-roma-mou-arrivera-unaltra-punta","status":"publish","type":"post","link":"https:\/\/www.messinaoggi.it\/website\/2023\/08\/25\/non-solo-azmoun-per-la-roma-mou-arrivera-unaltra-punta\/","title":{"rendered":"Non solo Azmoun per la Roma, Mou \u201cArriver\u00e0 un\u2019altra punta\u201d"},"content":{"rendered":"<div>ROMA (ITALPRESS) &#8211; La terza Roma di Jos\u00e8 Mourinho &#8211; impegnata domani sera (alle 20.45) al Bentegodi contro il Verona &#8211; non \u00e8 ancora completata. Lo ha annunciato il tecnico portoghese nel corso della conferenza stampa della vigilia, commentando l&#8217;arrivo di Sardar Azmoun, attaccante iraniano sbarcato ieri a Ciampino dopo l&#8217;ok per il prestito con diritto di riscatto dal Bayer Leverkusen. &#8220;Ha fatto benissimo allo Zenit, non solo in campionato, ma anche in Europa &#8211; precisa Mourinho -. Ha dimostrato di essere un bravissimo giocatore. Non \u00e8 andato bene nel Leverkusen e per questo lo possiamo prendere in prestito, altrimenti sarebbe rimasto l\u00ec. Se ha una condizione buona, \u00e8 un giocatore che pu\u00f2 aiutarci. Pinto mi ha detto che arriver\u00e0 un altro attaccante e questo mi rende felice&#8221;. L&#8217;allenatore glissa per\u00f2 sul sogno Romelu Lukaku, dopo che le ultime indiscrezioni parlano di un possibile prestito secco: &#8220;Faccio fatica a parlare di Azmoun, che non \u00e8 ancora nostro, figuriamoci di Lukaku che \u00e8 un giocatore del Chelsea&#8221;.<br \/>La nota stonata riguarda un altro neo arrivato, Renato Sanches, uscito anzitempo dall&#8217;allenamento di ieri. &#8220;Penso che lo rivedremo dopo la sosta per le Nazionali. Con la sua storia clinica spingere per recuperarlo in anticipo non sarebbe la cosa giusta. Deve aver tempo per recuperare da un piccolo infortunio muscolare&#8221;. A centrocampo potrebbe vedersi dal 1&#8242; Leandro Paredes, altro volto nuovo dell&#8217;estate, anche lui arrivato da Parigi: &#8220;Se pu\u00f2 convivere con Cristante? I bravi calciatori possono sempre giocare insieme. E&#8217; l&#8217;allenatore che deve poi trovare le soluzioni&#8221;. E sulle possibilit\u00e0 della Roma in campionato frena: &#8220;Siamo tra il quinto e l&#8217;ottavo posto. Se facciamo l&#8217;impresa e finiamo tra i primi quattro \u00e8 ottimo. In Europa vogliamo andare avanti &#8211; spiega ancora Mourinho -. Inter, Milan, Napoli e Juventus giocano dichiaratamente per il titolo e devono finire nei primi quattro posti. Poi c&#8217;\u00e8 la Lazio, che ha fatto un&#8217;impresa nello scorso campionato, anche se \u00e8 stata in vacanza in Europa. L&#8217;Atalanta investe tanto, la Fiorentina rifiuta 42+3 milioni per un giocatore e questo dice tutto su quel che vuole fare. La Roma non \u00e8 nelle condizioni di rifiutare quella cifra, la Fiorentina lo ha fatto&#8221;. In ogni caso &#8220;il mio obiettivo non pu\u00f2 andare pi\u00f9 lontano della prossima partita&#8221;, precisa Mourinho, che ritrova Pellegrini e Dybala per la sfida col Verona. Sui prossimi avversari, infine, il portoghese spiega: &#8220;Hanno un nuovo allenatore molto bravo, che gioca in un altro modo rispetto a come ha giocato l&#8217;Hellas negli ultimi due anni. Nell&#8217;ultima partita per\u00f2 ha deciso di puntare sulla stabilit\u00e0 degli anni precedenti. Noi abbiamo lavorato bene in settimana&#8221;.<br \/>&#8211; foto LivePhotoSport &#8211; <br \/>(ITALPRESS).<\/div>\n<div id=\"div-gpt-ad-Messinaoggi.it-DSK-300x250-corpoart\" style=\"text-align:center;margin:0 auto;\"><\/div><\/p><div id=\"videoincontent\" style=\"clear:both\";><\/div>","protected":false},"excerpt":{"rendered":"<p>ROMA (ITALPRESS) &#8211; La terza Roma di Jos\u00e8 Mourinho &#8211; impegnata domani sera (alle 20.45) al Bentegodi contro il Verona &#8211; non \u00e8 ancora completata. Lo ha annunciato il tecnico portoghese nel corso della conferenza stampa della vigilia, commentando l&#8217;arrivo di Sardar Azmoun, attaccante iraniano sbarcato ieri a Ciampino dopo l&#8217;ok per il prestito con [&hellip;]<\/p>\n","protected":false},"author":18,"featured_media":167062,"comment_status":"closed","ping_status":"closed","sticky":false,"template":"","format":"standard","meta":{"ub_ctt_via":"","_mi_skip_tracking":false},"categories":[446],"tags":[783],"featured_image_src":"https:\/\/www.messinaoggi.it\/website\/wp-content\/uploads\/2023\/08\/20230825_0827.jpg","author_info":{"display_name":"Admin","author_link":"https:\/\/www.messinaoggi.it\/website\/author\/admin\/"},"digistream_id":0,"digistream":false,"_links":{"self":[{"href":"https:\/\/www.messinaoggi.it\/website\/wp-json\/wp\/v2\/posts\/167061"}],"collection":[{"href":"https:\/\/www.messinaoggi.it\/website\/wp-json\/wp\/v2\/posts"}],"about":[{"href":"https:\/\/www.messinaoggi.it\/website\/wp-json\/wp\/v2\/types\/post"}],"author":[{"embeddable":true,"href":"https:\/\/www.messinaoggi.it\/website\/wp-json\/wp\/v2\/users\/18"}],"replies":[{"embeddable":true,"href":"https:\/\/www.messinaoggi.it\/website\/wp-json\/wp\/v2\/comments?post=167061"}],"version-history":[{"count":0,"href":"https:\/\/www.messinaoggi.it\/website\/wp-json\/wp\/v2\/posts\/167061\/revisions"}],"wp:featuredmedia":[{"embeddable":true,"href":"https:\/\/www.messinaoggi.it\/website\/wp-json\/wp\/v2\/media\/167062"}],"wp:attachment":[{"href":"https:\/\/www.messinaoggi.it\/website\/wp-json\/wp\/v2\/media?parent=167061"}],"wp:term":[{"taxonomy":"category","embeddable":true,"href":"https:\/\/www.messinaoggi.it\/website\/wp-json\/wp\/v2\/categories?post=167061"},{"taxonomy":"post_tag","embeddable":true,"href":"https:\/\/www.messinaoggi.it\/website\/wp-json\/wp\/v2\/tags?post=167061"}],"curies":[{"name":"wp","href":"https:\/\/api.w.org\/{rel}","templated":true}]}}