{"id":167035,"date":"2023-08-25T14:08:00","date_gmt":"2023-08-25T12:08:00","guid":{"rendered":"https:\/\/www.messinaoggi.it\/website\/2023\/08\/25\/mattarella-la-costituzione-nasce-per-espellere-lodio\/"},"modified":"2023-08-25T14:08:00","modified_gmt":"2023-08-25T12:08:00","slug":"mattarella-la-costituzione-nasce-per-espellere-lodio","status":"publish","type":"post","link":"https:\/\/www.messinaoggi.it\/website\/2023\/08\/25\/mattarella-la-costituzione-nasce-per-espellere-lodio\/","title":{"rendered":"Mattarella \u201cLa Costituzione nasce per espellere l\u2019odio\u201d"},"content":{"rendered":"<div>RIMINI (ITALPRESS) &#8211; La nostra Costituzione nasce &#8220;con l&#8217;amicizia come risorsa, a cui attingere, per superare &#8211; insieme &#8211; le barriere e gli ostacoli; per esprimere la nostra stessa umanit\u00e0. Per superare, per espellere, l&#8217;odio, come misura dei rapporti umani. Quell&#8217;odio che, la civilt\u00e0 umana, ci chiede di sconfiggere nelle relazioni tra le persone; sanzionandone, severamente, i comportamenti, creando, cos\u00ec, le basi delle regole della nostra convivenza&#8221;. Cos\u00ec il presidente della Repubblica, Sergio Mattarella, nel suo intervento nella giornata conclusiva del Meeting di Rimini, la kermesse annuale di Comunione e Liberazione.<br \/>\nIl capo dello Stato, accolto da lunghi applausi, ha incentrato il suo discorso sull&#8217;amicizia, toccando moltissimi temi: immigrazione, ambiente, giovani. &#8220;L&#8217;aspirazione, non pu\u00f2 essere, quella, di immaginare che l&#8217;amicizia unisca soltanto coloro che si riconoscono come simili. Al contrario. Se cos\u00ec fosse &#8211; ha osservato -, saremmo sulla strada della spinta alla omologazione, all&#8217;appiattimento. L&#8217;opposto, del rispetto delle diversit\u00e0; delle specificit\u00e0 proprie a, ciascuna, persona. Non a caso, la pretesa della massificazione, \u00e8 quel che ha caratterizzato, ideologie e culture, del Novecento, che hanno portato alla oppressione dell&#8217;uomo sull&#8217;uomo. Le identit\u00e0 plurali, delle nostre comunit\u00e0, sono il frutto del convergere delle identit\u00e0 di ciascuno di coloro che le abitano, le rinnovano, le vivificano. Nel succedersi delle generazioni, e delle svolte della storia. E&#8217; la somma, dei, tanti &#8216;t\u00f9, uniti a ciascun &#8216;i\u00f2, interpellati dal valore della fraternit\u00e0, o, quanto meno, del rispetto e della, reciproca, considerazione. E&#8217; il valore della, nostra, Patria, del nostro, straordinario, popolo &#8211; tanto apprezzato e amato nel mondo &#8211; frutto, nel succedersi della storia, dell&#8217;incontro di pi\u00f9 etnie, consuetudini, esperienze, religioni; di apporto di diversi idiomi per la nostra splendida lingua; e diretto a costruire il bene comune. Amicizia, per definizione, \u00e8 contrapposizione alla violenza. Parte dalla conoscenza, e dal dialogo. E, anche in questo, l&#8217;amicizia assume valore di indicazione politica. Non mancano, mai, i pretesti, per alimentare i contrasti. Siano la invocazione di contrapposizioni ideologiche; di caratteri etnici; di ingannevoli, lotte di classe; o la pretesa di resuscitare anacronistici nazionalismi. Quanto avviene ai confini della, nostra, Europa, dopo l&#8217;invasione dell&#8217;Ucraina, da parte della Federazione Russa, ne d\u00e0, drammatica, testimonianza&#8221;.<br \/>\n&#8220;Non vogliamo rinunciare, oggi, alla speranza della pace in Europa. L&#8217;Europa, che conosciamo, \u00e8 nata da un reciproco impegno di pace che, i popoli e gli Stati, si sono scambiati, dopo l&#8217;abisso della seconda guerra mondiale &#8211; ha sottolineato il presidente -. Su quella pace, sono stati edificati i nostri ordinamenti di libert\u00e0, di democrazia, di diritto eguale. Su quella pace, \u00e8 cresciuta la cultura, la civilt\u00e0 degli europei. Non ci stancheremo di lavorare per fermare la guerra. E&#8217; contro lo strumento della guerra, che siamo impegnati nell&#8217;impedire una deriva di aggressioni del pi\u00f9 forte contro il pi\u00f9 debole. Per costruire, una pace giusta&#8221;. Poi il tema migranti. &#8220;Una pace giusta, non pu\u00f2 dimenticare il dramma dei profughi. I fenomeni migratori, vanno affrontati per quel che sono: movimenti globali, che non vengono cancellati da muri o barriere. Nello studio, dell&#8217;appartamento, dove vivo, al Quirinale, ho collocato un disegno, che raffigura un ragazzino, di quattordici anni, annegato, con centinaia di altre persone nel Mediterraneo. Recuperato il suo corpo, si \u00e8 visto che, nella fodera della giacca, aveva cucita la sua pagella: come fosse il suo passaporto; la dimostrazione, che voleva venire in Europa &#8211; per studiare. Questo disegno, mi rammenta che, dietro numeri e percentuali delle migrazioni, che spesso elenchiamo, vi sono, innumerevoli, singole, persone, con la loro storia, i loro progetti, i loro sogni, il loro futuro. Il loro futuro: tante volte cancellato. Certo, occorre un impegno, finalmente concreto e costante, dell&#8217;Unione Europea. Occorre sostegno ai Paesi di origine dei flussi migratori. E&#8217; necessario rendersi conto che &#8211; ha avvertito Mattarella -, soltanto ingressi regolari, sostenibili, ma in numero adeguatamente ampio, sono lo strumento per stroncare il, crudele, traffico di esseri umani: la prospettiva, e la speranza di venire, senza costi e sofferenze disumane, indurrebbe ad attendere turni di autorizzazione legale. Inoltre, ne verrebbe assicurato inserimento lavorativo ordinato; rimuovendo la presenza nascosta, incontrollabile, di chi vaga senza casa, senza lavoro e senza speranza; o di chi vive ammassato in centri di raccolta, sovente mal tollerati dalle comunit\u00e0 locali&#8221;.<br \/>\n&#8220;Occorre percorrere strade diverse. Se non se ne avverte il senso di fraternit\u00e0 umana, per una miglior sicurezza. Anche come investimento sul futuro delle relazioni, con i popoli di origine, che saranno &#8211; presto &#8211; sempre pi\u00f9 protagonisti della scena internazionale&#8221;. Il presidente della Repubblica ha, inoltre, parlato di ambiente e ricordato la drammatica alluvione che ha colpito nel maggio scorso proprio la Romagna. &#8220;Siamo di fronte a un&#8217;altra, grande, e grave evidenza, che comporta responsabilit\u00e0. L&#8217;ambiente, che abbiamo incrinato e impoverito, Non si possono ignorare gli appelli dell&#8217;ONU, attraverso le parole, allarmate, del suo Segretario Generale. Proprio qui, in Romagna, ne abbiamo vissuto, drammatica, sottolineatura. L&#8217;alluvione, ha lasciato ferite profonde. I cittadini della Romagna &#8211; e i loro sindaci &#8211; non vanno lasciati soli. La ripartenza delle comunit\u00e0; e, con esse, di ogni loro attivit\u00e0, \u00e8 una priorit\u00e0, non soltanto per chi vive qui, ma per l&#8217;intera Italia&#8221;. Infine, i giovani. &#8220;La speranza \u00e8 in voi giovani. Prendetevi quel che \u00e8 vostro. Comprese le responsabilit\u00e0; e i doveri. Voi avvertite, in misura genuina, tutti questi problemi. Avete, la sensibilit\u00e0, di sentirvi pienamente europei. Pi\u00f9 degli adulti. Avete, conoscenze adeguate, per affrontare, senza timore, le trasformazioni digitali e tecnologiche, che sono gi\u00e0 in atto. Avete la coscienza che l&#8217;ambiente \u00e8 parte della nostra vita sociale. Che non ci sar\u00e0 giustizia sociale senza giustizia ambientale; e viceversa. Non vi chiudete, non fatevi chiudere in tanti mondi separati. Usate i social, sempre con intelligenza; impedite che vi catturino, producendo una somma di solitudini, come diceva il mio Vescovo di tanti anni addietro. Non rinunciate, mai, alle relazioni personali; all&#8217;incontro personale; all&#8217;affetto dell&#8217;amico; all&#8217;amore; alla gratuit\u00e0 dell&#8217;impegno. Il mondo, \u00e8 migliore, se lo guardiamo con gli occhi giusti&#8221;, ha concluso.<div id=\"div-gpt-ad-Messinaoggi.it-DSK-300x250-corpoart\" style=\"text-align:center;margin:0 auto;\"><\/div><\/p>\n<p>&#8211; foto ufficio stampa Quirinale &#8211;<div id=\"videoincontent\" style=\"clear:both\";><\/div><\/p>\n<p>(ITALPRESS).<\/p><\/div>\n","protected":false},"excerpt":{"rendered":"<p>RIMINI (ITALPRESS) &#8211; La nostra Costituzione nasce &#8220;con l&#8217;amicizia come risorsa, a cui attingere, per superare &#8211; insieme &#8211; le barriere e gli ostacoli; per esprimere la nostra stessa umanit\u00e0. Per superare, per espellere, l&#8217;odio, come misura dei rapporti umani. Quell&#8217;odio che, la civilt\u00e0 umana, ci chiede di sconfiggere nelle relazioni tra le persone; sanzionandone, [&hellip;]<\/p>\n","protected":false},"author":18,"featured_media":167036,"comment_status":"closed","ping_status":"closed","sticky":false,"template":"","format":"standard","meta":{"ub_ctt_via":"","_mi_skip_tracking":false},"categories":[446],"tags":[783],"featured_image_src":"https:\/\/www.messinaoggi.it\/website\/wp-content\/uploads\/2023\/08\/20230825_0480.jpg","author_info":{"display_name":"Admin","author_link":"https:\/\/www.messinaoggi.it\/website\/author\/admin\/"},"digistream_id":0,"digistream":false,"_links":{"self":[{"href":"https:\/\/www.messinaoggi.it\/website\/wp-json\/wp\/v2\/posts\/167035"}],"collection":[{"href":"https:\/\/www.messinaoggi.it\/website\/wp-json\/wp\/v2\/posts"}],"about":[{"href":"https:\/\/www.messinaoggi.it\/website\/wp-json\/wp\/v2\/types\/post"}],"author":[{"embeddable":true,"href":"https:\/\/www.messinaoggi.it\/website\/wp-json\/wp\/v2\/users\/18"}],"replies":[{"embeddable":true,"href":"https:\/\/www.messinaoggi.it\/website\/wp-json\/wp\/v2\/comments?post=167035"}],"version-history":[{"count":0,"href":"https:\/\/www.messinaoggi.it\/website\/wp-json\/wp\/v2\/posts\/167035\/revisions"}],"wp:featuredmedia":[{"embeddable":true,"href":"https:\/\/www.messinaoggi.it\/website\/wp-json\/wp\/v2\/media\/167036"}],"wp:attachment":[{"href":"https:\/\/www.messinaoggi.it\/website\/wp-json\/wp\/v2\/media?parent=167035"}],"wp:term":[{"taxonomy":"category","embeddable":true,"href":"https:\/\/www.messinaoggi.it\/website\/wp-json\/wp\/v2\/categories?post=167035"},{"taxonomy":"post_tag","embeddable":true,"href":"https:\/\/www.messinaoggi.it\/website\/wp-json\/wp\/v2\/tags?post=167035"}],"curies":[{"name":"wp","href":"https:\/\/api.w.org\/{rel}","templated":true}]}}