{"id":167028,"date":"2023-08-25T12:08:00","date_gmt":"2023-08-25T10:08:00","guid":{"rendered":"https:\/\/www.messinaoggi.it\/website\/2023\/08\/25\/epatite-b-e-c-tracciate-per-la-1-volta-in-europa-le-malattie-correlate\/"},"modified":"2023-08-25T12:08:00","modified_gmt":"2023-08-25T10:08:00","slug":"epatite-b-e-c-tracciate-per-la-1-volta-in-europa-le-malattie-correlate","status":"publish","type":"post","link":"https:\/\/www.messinaoggi.it\/website\/2023\/08\/25\/epatite-b-e-c-tracciate-per-la-1-volta-in-europa-le-malattie-correlate\/","title":{"rendered":"Epatite B e C, tracciate per la 1^ volta in Europa le malattie correlate"},"content":{"rendered":"<div>MILANO (ITALPRESS) &#8211; Eliminare l&#8217;epatite virale, ritenuta una delle principali minacce per la salute pubblica, entro il 2030. E&#8217; l&#8217;ambizioso obiettivo di una risoluzione del 2016 dell&#8217;Assemblea Mondiale della Sanit\u00e0, dettagliato poi dall&#8217;OMS (Organizzazione Mondiale della Sanit\u00e0) in possibili strategie di sanit\u00e0 pubblica e relative risorse economiche. E inserito infine nell&#8217;Agenda 2030 per lo Sviluppo sostenibile delle Nazioni Unite. I virus dell&#8217;epatite B (HBV) e dell&#8217;epatite C (HCV) possono causare infezioni acute e croniche e sono tra le principali cause al mondo di cirrosi, epatocarcinoma (cancro al fegato), trapianti e morti correlati a patologie riguardanti il fegato. Generando quindi oneri economici e sanitari elevati a causa dei loro effetti epatici ed extraepatici.<br \/>Un contributo arriva dall&#8217;Universit\u00e0 di Milano-Bicocca, il cui Centro di Studio e di Ricerca sulla Sanit\u00e0 Pubblica (CESP), ha coordinato uno studio Europeo per valutare il carico di incidenza, prevalenza, mortalit\u00e0 e anni di vita persi per disabilit\u00e0 (DALYs) delle malattie correlate al virus dell&#8217;epatite B (HBV) e al virus dell&#8217;epatite C (HCV), nel contesto del Vecchio continente e per il periodo dal 2010 al 2019, al fine di capire a che punto si trovino i diversi Paesi europei nel raggiungere l&#8217;obiettivo prefissato dall&#8217;OMS entro il 2030.<br \/>Lo studio \u00e8 appena stato pubblicato su The Lancet Public Health, la pi\u00f9 prestigiosa rivista di sanit\u00e0 pubblica a livello internazionale, e si intitola &#8220;Hepatitis B and C in Europe: an update from the Global Burden of Disease Study 2019&#8221; (DOI: 10.1016\/S2468-2667(23)00149-4). Si tratta del primo rapporto completo sul carico dell&#8217;HBV e HCV in Europa. Primo autore \u00e8 Paolo Angelo Cortesi, ricercatore del CESP, che si \u00e8 avvalso della collaborazione col Global Burden of Diseases, Injuries, and Risk Factors Study (GBD), coordinato dall&#8217;Institute for Health Metrics and Evaluation (IHME) dell&#8217;Universit\u00e0 di Washington, che coinvolge oltre 9mila ricercatori provenienti da oltre 160 Paesi, permettendo di confrontare l&#8217;impatto delle malattie, degli infortuni e dei fattori di rischio sulla salute della popolazione nel tempo tra i differenti gruppi di et\u00e0, sesso, paesi e regioni e di confrontare cos\u00ec il progresso della salute di un Paese con quello di altri Paesi. Nella coordinazione dello studio, oltre a Paolo Angelo Cortesi, sono stati coinvolti anche il professore Lorenzo Giovanni Mantovani, direttore del CESP, Simon I. Hay e Christopher J. L. Murray, rispettivamente professore e direttore dell&#8217;IHME.<br \/>Nel 2019 in Europa si sono verificati oltre 2 milioni di casi di epatite acuta B e quasi mezzo milione di casi di epatite C. Sono stati stimati 8,24 milioni di casi prevalenti di cirrosi correlata all&#8217;HBV e 11,87 milioni di cirrosi correlata all&#8217;HCV, con quasi 25mila decessi dovuti a cirrosi correlata all&#8217;HBV e circa 37mila decessi dovuti a cirrosi correlata all&#8217;HCV. Infine, si sono avuti 9mila decessi per cancro al fegato correlato all&#8217;HBV e 23mila dovuti al cancro al fegato correlato all&#8217;HCV.<br \/>&#8220;Tra il 2010 e il 2019 &#8211; aggiungono Paolo Cortesi e Lorenzo Mantovani &#8211; il carico della cirrosi dovuta all&#8217;HBV e HCV \u00e8 diminuito. La cirrosi HBV correlata e l&#8217;epatite B acuta hanno mostrato le riduzioni pi\u00f9 significative, con un tasso di prevalenza sceso del -20,6 per cento e un tasso di mortalit\u00e0 sceso del -33,19 per cento per la prima malattia e con un tasso di incidenza diminuito del -22,14 per cento e un tasso di mortalit\u00e0 diminuito del -33,27 per cento per la seconda malattia. Nel decennio non sono state osservate variazioni nei tassi standardizzati di incidenza, prevalenza, mortalit\u00e0 e DALYs per il cancro al fegato correlato all&#8217;HBV e all&#8217;HCV, mentre sono stati osservati aumenti nel numero assoluto di casi in tutte le et\u00e0 (+16,41 per cento nella prevalenza)&#8221;. <br \/>Lo studio ha anche evidenziato differenze rilevanti all&#8217;interno dell&#8217;Europa, con aree che riportano un carico elevato, aree che hanno riportato piccole variazioni e aree che necessitano miglioramenti negli interventi di sanit\u00e0 pubblica per raggiungere gli obiettivi di eliminazione dell&#8217;OMS. <br \/>&#8220;Nel 2019, l&#8217;Europa centrale e orientale hanno presentato tassi di mortalit\u00e0 per cirrosi e epatocarcinoma HBV correlate pi\u00f9 elevati rispetto all&#8217;Europa occidentale&#8221;, precisano il ricercatore e il direttore del CESP.<br \/>Secondo Cortesi e Mantovani &#8220;i risultati di questo studio hanno evidenziato notevoli e persistenti carichi di salute legati all&#8217;HBV e HCV in Europa, dimostrando che l&#8217;ambizioso obiettivo di eliminazione entro il 2030 \u00e8 ancora lontano dall&#8217;essere raggiunto. La disponibilit\u00e0 di test diagnostici affidabili e interventi di trattamento e prevenzione costo-efficaci hanno creato le condizioni per rendere l&#8217;eliminazione dell&#8217;HCV e dell&#8217;HBV un obiettivo fattibile, come dimostrato da alcuni Paesi dove sono stati applicati con ottimi risultati; tuttavia in molti altri Paesi i piani d&#8217;azione e le strategie sono ancora inadeguati o assenti, cos\u00ec come il finanziamento per la loro attuazione. Strumenti come il GBD e lo studio appena pubblicato, sono fondamentali per capire se gli interventi implementati stiano portando o meno a raggiungere l&#8217;eliminazione dell&#8217;epatite virale entro il 2030&#8221;.<div id=\"div-gpt-ad-Messinaoggi.it-DSK-300x250-corpoart\" style=\"text-align:center;margin:0 auto;\"><\/div><\/p>\n<p>&#8211; foto ufficio stampa Universit\u00e0 Milano-Bicocca &#8211;<br \/>(ITALPRESS).<\/div>\n<div id=\"videoincontent\" style=\"clear:both\";><\/div>","protected":false},"excerpt":{"rendered":"<p>MILANO (ITALPRESS) &#8211; Eliminare l&#8217;epatite virale, ritenuta una delle principali minacce per la salute pubblica, entro il 2030. E&#8217; l&#8217;ambizioso obiettivo di una risoluzione del 2016 dell&#8217;Assemblea Mondiale della Sanit\u00e0, dettagliato poi dall&#8217;OMS (Organizzazione Mondiale della Sanit\u00e0) in possibili strategie di sanit\u00e0 pubblica e relative risorse economiche. E inserito infine nell&#8217;Agenda 2030 per lo Sviluppo [&hellip;]<\/p>\n","protected":false},"author":18,"featured_media":167029,"comment_status":"closed","ping_status":"closed","sticky":false,"template":"","format":"standard","meta":{"ub_ctt_via":"","_mi_skip_tracking":false},"categories":[446],"tags":[783],"featured_image_src":"https:\/\/www.messinaoggi.it\/website\/wp-content\/uploads\/2023\/08\/20230825_0324-534x369-1.jpg","author_info":{"display_name":"Admin","author_link":"https:\/\/www.messinaoggi.it\/website\/author\/admin\/"},"digistream_id":0,"digistream":false,"_links":{"self":[{"href":"https:\/\/www.messinaoggi.it\/website\/wp-json\/wp\/v2\/posts\/167028"}],"collection":[{"href":"https:\/\/www.messinaoggi.it\/website\/wp-json\/wp\/v2\/posts"}],"about":[{"href":"https:\/\/www.messinaoggi.it\/website\/wp-json\/wp\/v2\/types\/post"}],"author":[{"embeddable":true,"href":"https:\/\/www.messinaoggi.it\/website\/wp-json\/wp\/v2\/users\/18"}],"replies":[{"embeddable":true,"href":"https:\/\/www.messinaoggi.it\/website\/wp-json\/wp\/v2\/comments?post=167028"}],"version-history":[{"count":0,"href":"https:\/\/www.messinaoggi.it\/website\/wp-json\/wp\/v2\/posts\/167028\/revisions"}],"wp:featuredmedia":[{"embeddable":true,"href":"https:\/\/www.messinaoggi.it\/website\/wp-json\/wp\/v2\/media\/167029"}],"wp:attachment":[{"href":"https:\/\/www.messinaoggi.it\/website\/wp-json\/wp\/v2\/media?parent=167028"}],"wp:term":[{"taxonomy":"category","embeddable":true,"href":"https:\/\/www.messinaoggi.it\/website\/wp-json\/wp\/v2\/categories?post=167028"},{"taxonomy":"post_tag","embeddable":true,"href":"https:\/\/www.messinaoggi.it\/website\/wp-json\/wp\/v2\/tags?post=167028"}],"curies":[{"name":"wp","href":"https:\/\/api.w.org\/{rel}","templated":true}]}}