{"id":166991,"date":"2023-08-24T23:08:01","date_gmt":"2023-08-24T21:08:01","guid":{"rendered":"https:\/\/www.messinaoggi.it\/website\/2023\/08\/24\/schlein-no-ai-tagli-sulla-sanita\/"},"modified":"2023-08-24T23:08:01","modified_gmt":"2023-08-24T21:08:01","slug":"schlein-no-ai-tagli-sulla-sanita","status":"publish","type":"post","link":"https:\/\/www.messinaoggi.it\/website\/2023\/08\/24\/schlein-no-ai-tagli-sulla-sanita\/","title":{"rendered":"Schlein \u201cNo ai tagli sulla sanit\u00e0\u201d"},"content":{"rendered":"<div>BOLOGNA (ITALPRESS) &#8211; &#8220;Proseguiamo con le battaglie politiche del Pd in questa estate di militanza: per prima la battaglia sulla sanit\u00e0 pubblica, che il governo Meloni sta gi\u00e0 tagliando e non \u00e8 una scelta neutra. La pandemia dovrebbe averci insegnato che abbiamo bisogno di migliorare e investire pi\u00f9 risorse nella sanit\u00e0 pubblica. Il Pd prosegue nella battaglia a difesa della sanit\u00e0 pubblica&#8221;. Cos\u00ec la segretaria del Pd, Elly Schlein, dalla festa dell&#8217;Unit\u00e0 di Bologna.<br \/>Poi, accusa il governo Meloni di un forte ritardo nell&#8217;arrivo degli aiuti alle popolazioni colpite dall&#8217;alluvione in Emilia Romagna: &#8220;Dopo le passerelle, famiglie e imprese aspettano ancora risposte&#8221;. E al ministro Lollobrigida, che aveva detto che &#8220;spesso i poveri mangiano meglio perch\u00e8 comprano dal produttore a basso costo&#8221;, replica &#8220;il governo vive su un altro pianeta&#8221;.<br \/>&#8220;Questo \u00e8 un governo campione di scaricabarile. Lo abbiamo visto con la brutale cancellazione del reddito di cittadinanza. E anche sull&#8217;accoglienza il governo sta cercando di scaricare le responsabilit\u00e0, che sono per\u00f2 del governo&#8221;, sottolinea Elly Schlein. &#8220;Le modifiche che hanno introdotto con il decreto che mi rifiuto di chiamare Cutro, perch\u00e8 ci vuole pi\u00f9 rispetto per quei morti, sono modifiche che peggiorano il sistema di accoglienza, perch\u00e8 &#8211; aggiunge &#8211; hanno impedito l&#8217;accesso al sistema Sai, che passa attraverso i Comuni, ai richiedenti asilo&#8221;. &#8220;Come i decreti Salvini, il decreto approvato dal governo Meloni ha un unico scopo: rendere pi\u00f9 difficili i salvataggi in mare e smantellare l&#8217;accoglienza diffusa, con l&#8217;unico effetto di lasciare persone vulnerabili per strada&#8221;, il governo deve &#8220;convocare e ascoltare gli amministratori, mettere in campo una regia nazionale per pianificare l&#8217;accoglienza diffusa e mettere in campo le risorse per accogliere i migranti, tra cui i molti minori non accompagnati che stanno arrivando&#8221;.<br \/>&#8211; foto Agenzia Fotogramma &#8211;<br \/>(ITALPRESS).<\/div>\n<div id=\"div-gpt-ad-Messinaoggi.it-DSK-300x250-corpoart\" style=\"text-align:center;margin:0 auto;\"><\/div><\/p><div id=\"videoincontent\" style=\"clear:both\";><\/div>","protected":false},"excerpt":{"rendered":"<p>BOLOGNA (ITALPRESS) &#8211; &#8220;Proseguiamo con le battaglie politiche del Pd in questa estate di militanza: per prima la battaglia sulla sanit\u00e0 pubblica, che il governo Meloni sta gi\u00e0 tagliando e non \u00e8 una scelta neutra. La pandemia dovrebbe averci insegnato che abbiamo bisogno di migliorare e investire pi\u00f9 risorse nella sanit\u00e0 pubblica. Il Pd prosegue [&hellip;]<\/p>\n","protected":false},"author":18,"featured_media":166992,"comment_status":"closed","ping_status":"closed","sticky":false,"template":"","format":"standard","meta":{"ub_ctt_via":"","_mi_skip_tracking":false},"categories":[446],"tags":[783],"featured_image_src":"https:\/\/www.messinaoggi.it\/website\/wp-content\/uploads\/2023\/08\/20230824_1776.jpg","author_info":{"display_name":"Admin","author_link":"https:\/\/www.messinaoggi.it\/website\/author\/admin\/"},"digistream_id":0,"digistream":false,"_links":{"self":[{"href":"https:\/\/www.messinaoggi.it\/website\/wp-json\/wp\/v2\/posts\/166991"}],"collection":[{"href":"https:\/\/www.messinaoggi.it\/website\/wp-json\/wp\/v2\/posts"}],"about":[{"href":"https:\/\/www.messinaoggi.it\/website\/wp-json\/wp\/v2\/types\/post"}],"author":[{"embeddable":true,"href":"https:\/\/www.messinaoggi.it\/website\/wp-json\/wp\/v2\/users\/18"}],"replies":[{"embeddable":true,"href":"https:\/\/www.messinaoggi.it\/website\/wp-json\/wp\/v2\/comments?post=166991"}],"version-history":[{"count":0,"href":"https:\/\/www.messinaoggi.it\/website\/wp-json\/wp\/v2\/posts\/166991\/revisions"}],"wp:featuredmedia":[{"embeddable":true,"href":"https:\/\/www.messinaoggi.it\/website\/wp-json\/wp\/v2\/media\/166992"}],"wp:attachment":[{"href":"https:\/\/www.messinaoggi.it\/website\/wp-json\/wp\/v2\/media?parent=166991"}],"wp:term":[{"taxonomy":"category","embeddable":true,"href":"https:\/\/www.messinaoggi.it\/website\/wp-json\/wp\/v2\/categories?post=166991"},{"taxonomy":"post_tag","embeddable":true,"href":"https:\/\/www.messinaoggi.it\/website\/wp-json\/wp\/v2\/tags?post=166991"}],"curies":[{"name":"wp","href":"https:\/\/api.w.org\/{rel}","templated":true}]}}