{"id":166975,"date":"2023-08-24T18:08:01","date_gmt":"2023-08-24T16:08:01","guid":{"rendered":"https:\/\/www.messinaoggi.it\/website\/2023\/08\/24\/alimentare-lollobrigida-centrale-la-certezza-degli-approvvigionamenti\/"},"modified":"2023-08-24T18:08:01","modified_gmt":"2023-08-24T16:08:01","slug":"alimentare-lollobrigida-centrale-la-certezza-degli-approvvigionamenti","status":"publish","type":"post","link":"https:\/\/www.messinaoggi.it\/website\/2023\/08\/24\/alimentare-lollobrigida-centrale-la-certezza-degli-approvvigionamenti\/","title":{"rendered":"Alimentare, Lollobrigida \u201cCentrale la certezza degli approvvigionamenti\u201d"},"content":{"rendered":"<div>RIMINI (ITALPRESS) &#8211; Il tema della sicurezza alimentare &#8220;\u00e8 ancor pi\u00f9 centrale&#8221;: vuol dire &#8220;certezza di approvvigionamento e ricerca della possibilit\u00e0 di soddisfare delle criticit\u00e0 legate all&#8217;aumento demografico del pianeta&#8221;. Lo ha detto il ministro dell&#8217;Agricoltura e della Sovranit\u00e0 alimentare, Francesco Lollobrigida, durante l&#8217;incontro &#8220;Food security e sostenibilit\u00e0: cooperare per crescere&#8221;, nel corso del Meeting di Rimini.<br \/>&#8220;Con la guerra di aggressione della Russia all&#8217;Ucraina abbiamo scoperto che si pu\u00f2 perdere anche la certezza degli approvvigionamenti, se affidati a filiere lunghe &#8211; non in termini chilometrici, ma anche in termini valoriali &#8211; e se ci si affida a nazioni instabili&#8221;, spiega. &#8220;Rinunciando alla propria produzione, si rischia di avere un uomo solo al comando che decide di cancellare le tue fonti di approvvigionamento, il tuo modello di sviluppo, il tuo modello di civilt\u00e0 e quindi anche la tua libert\u00e0 di decidere&#8221;.<div id=\"div-gpt-ad-Messinaoggi.it-DSK-300x250-corpoart\" style=\"text-align:center;margin:0 auto;\"><\/div><\/p>\n<p>&#8211; Foto: Agenzia Fotogramma &#8211;<div id=\"videoincontent\" style=\"clear:both\";><\/div><\/p>\n<p>(ITALPRESS).<\/p><\/div>\n","protected":false},"excerpt":{"rendered":"<p>RIMINI (ITALPRESS) &#8211; Il tema della sicurezza alimentare &#8220;\u00e8 ancor pi\u00f9 centrale&#8221;: vuol dire &#8220;certezza di approvvigionamento e ricerca della possibilit\u00e0 di soddisfare delle criticit\u00e0 legate all&#8217;aumento demografico del pianeta&#8221;. Lo ha detto il ministro dell&#8217;Agricoltura e della Sovranit\u00e0 alimentare, Francesco Lollobrigida, durante l&#8217;incontro &#8220;Food security e sostenibilit\u00e0: cooperare per crescere&#8221;, nel corso del Meeting [&hellip;]<\/p>\n","protected":false},"author":18,"featured_media":166976,"comment_status":"closed","ping_status":"closed","sticky":false,"template":"","format":"standard","meta":{"ub_ctt_via":"","_mi_skip_tracking":false},"categories":[446],"tags":[783],"featured_image_src":"https:\/\/www.messinaoggi.it\/website\/wp-content\/uploads\/2023\/08\/20230824_1335.jpg","author_info":{"display_name":"Admin","author_link":"https:\/\/www.messinaoggi.it\/website\/author\/admin\/"},"digistream_id":0,"digistream":false,"_links":{"self":[{"href":"https:\/\/www.messinaoggi.it\/website\/wp-json\/wp\/v2\/posts\/166975"}],"collection":[{"href":"https:\/\/www.messinaoggi.it\/website\/wp-json\/wp\/v2\/posts"}],"about":[{"href":"https:\/\/www.messinaoggi.it\/website\/wp-json\/wp\/v2\/types\/post"}],"author":[{"embeddable":true,"href":"https:\/\/www.messinaoggi.it\/website\/wp-json\/wp\/v2\/users\/18"}],"replies":[{"embeddable":true,"href":"https:\/\/www.messinaoggi.it\/website\/wp-json\/wp\/v2\/comments?post=166975"}],"version-history":[{"count":0,"href":"https:\/\/www.messinaoggi.it\/website\/wp-json\/wp\/v2\/posts\/166975\/revisions"}],"wp:featuredmedia":[{"embeddable":true,"href":"https:\/\/www.messinaoggi.it\/website\/wp-json\/wp\/v2\/media\/166976"}],"wp:attachment":[{"href":"https:\/\/www.messinaoggi.it\/website\/wp-json\/wp\/v2\/media?parent=166975"}],"wp:term":[{"taxonomy":"category","embeddable":true,"href":"https:\/\/www.messinaoggi.it\/website\/wp-json\/wp\/v2\/categories?post=166975"},{"taxonomy":"post_tag","embeddable":true,"href":"https:\/\/www.messinaoggi.it\/website\/wp-json\/wp\/v2\/tags?post=166975"}],"curies":[{"name":"wp","href":"https:\/\/api.w.org\/{rel}","templated":true}]}}