{"id":166973,"date":"2023-08-24T18:07:59","date_gmt":"2023-08-24T16:07:59","guid":{"rendered":"https:\/\/www.messinaoggi.it\/website\/2023\/08\/24\/zelensky-prigozhin-noi-non-centriamo-tutti-sanno-chi-e-stato\/"},"modified":"2023-08-24T18:07:59","modified_gmt":"2023-08-24T16:07:59","slug":"zelensky-prigozhin-noi-non-centriamo-tutti-sanno-chi-e-stato","status":"publish","type":"post","link":"https:\/\/www.messinaoggi.it\/website\/2023\/08\/24\/zelensky-prigozhin-noi-non-centriamo-tutti-sanno-chi-e-stato\/","title":{"rendered":"Zelensky \u201cPrigozhin? Noi non c\u2019entriamo, tutti sanno chi \u00e8 stato\u201d"},"content":{"rendered":"<div>KIEV (UCRAINA) (ITALPRESS\/MNA) &#8211; Secondo quanto riporta Ukrinform, il presidente Volodymyr Zelensky ha sottolineato che l&#8217;Ucraina non ha nulla a che fare con l&#8217;incidente aereo in cui sarebbe morto il leader del gruppo Wagner, Yevgeny Prigozhin. Lo ha affermato Zelensky nel corso di una conferenza stampa congiunta con il presidente portoghese Marcelo Rebelo de Sousa a Kiev. &#8220;Quando l&#8217;Ucraina si \u00e8 espressa e ha fatto appello ai paesi di tutto il mondo riguardo agli aerei, non intendevamo questo &#8211; afferma &#8211; intendevamo qualcosa di completamente diverso e abbiamo cercato sostegno. Anche se, probabilmente, ci aiuter\u00e0 anche in un certo senso. Innanzitutto noi non c&#8217;entriamo nulla con questa situazione, questo \u00e8 sicuro. Penso che tutti si sappiano chi \u00e8 stato&#8221;.<br \/>-foto Agenzia Fotogramma-<br \/>(ITALPRESS).<\/div>\n<div id=\"div-gpt-ad-Messinaoggi.it-DSK-300x250-corpoart\" style=\"text-align:center;margin:0 auto;\"><\/div><\/p><div id=\"videoincontent\" style=\"clear:both\";><\/div>","protected":false},"excerpt":{"rendered":"<p>KIEV (UCRAINA) (ITALPRESS\/MNA) &#8211; Secondo quanto riporta Ukrinform, il presidente Volodymyr Zelensky ha sottolineato che l&#8217;Ucraina non ha nulla a che fare con l&#8217;incidente aereo in cui sarebbe morto il leader del gruppo Wagner, Yevgeny Prigozhin. Lo ha affermato Zelensky nel corso di una conferenza stampa congiunta con il presidente portoghese Marcelo Rebelo de Sousa [&hellip;]<\/p>\n","protected":false},"author":18,"featured_media":166974,"comment_status":"closed","ping_status":"closed","sticky":false,"template":"","format":"standard","meta":{"ub_ctt_via":"","_mi_skip_tracking":false},"categories":[446],"tags":[783],"featured_image_src":"https:\/\/www.messinaoggi.it\/website\/wp-content\/uploads\/2023\/08\/20230824_1323.jpg","author_info":{"display_name":"Admin","author_link":"https:\/\/www.messinaoggi.it\/website\/author\/admin\/"},"digistream_id":0,"digistream":false,"_links":{"self":[{"href":"https:\/\/www.messinaoggi.it\/website\/wp-json\/wp\/v2\/posts\/166973"}],"collection":[{"href":"https:\/\/www.messinaoggi.it\/website\/wp-json\/wp\/v2\/posts"}],"about":[{"href":"https:\/\/www.messinaoggi.it\/website\/wp-json\/wp\/v2\/types\/post"}],"author":[{"embeddable":true,"href":"https:\/\/www.messinaoggi.it\/website\/wp-json\/wp\/v2\/users\/18"}],"replies":[{"embeddable":true,"href":"https:\/\/www.messinaoggi.it\/website\/wp-json\/wp\/v2\/comments?post=166973"}],"version-history":[{"count":0,"href":"https:\/\/www.messinaoggi.it\/website\/wp-json\/wp\/v2\/posts\/166973\/revisions"}],"wp:featuredmedia":[{"embeddable":true,"href":"https:\/\/www.messinaoggi.it\/website\/wp-json\/wp\/v2\/media\/166974"}],"wp:attachment":[{"href":"https:\/\/www.messinaoggi.it\/website\/wp-json\/wp\/v2\/media?parent=166973"}],"wp:term":[{"taxonomy":"category","embeddable":true,"href":"https:\/\/www.messinaoggi.it\/website\/wp-json\/wp\/v2\/categories?post=166973"},{"taxonomy":"post_tag","embeddable":true,"href":"https:\/\/www.messinaoggi.it\/website\/wp-json\/wp\/v2\/tags?post=166973"}],"curies":[{"name":"wp","href":"https:\/\/api.w.org\/{rel}","templated":true}]}}