{"id":166945,"date":"2023-08-24T15:07:59","date_gmt":"2023-08-24T13:07:59","guid":{"rendered":"https:\/\/www.messinaoggi.it\/website\/2023\/08\/24\/renzi-se-arriviamo-al-4-decisivi-il-centro-serve-allue\/"},"modified":"2023-08-24T15:07:59","modified_gmt":"2023-08-24T13:07:59","slug":"renzi-se-arriviamo-al-4-decisivi-il-centro-serve-allue","status":"publish","type":"post","link":"https:\/\/www.messinaoggi.it\/website\/2023\/08\/24\/renzi-se-arriviamo-al-4-decisivi-il-centro-serve-allue\/","title":{"rendered":"Renzi \u201cSe arriviamo al 4% decisivi, il Centro serve all\u2019Ue\u201d"},"content":{"rendered":"<div>ROMA (ITALPRESS) &#8211; &#8220;Abbiamo poco pi\u00f9 di nove mesi. Da qui al 9 giugno dovremo fare casa per casa a spiegare perch\u00e8 serve un Centro non per le piccole vicende personalistiche su cui siamo stati costretti negli ultimi mesi ma per l&#8217;Europa. In Europa servono persone che hanno esperienza e visione per offrire un&#8217;alternativa contro i sovranisti di destra e i populisti di sinistra. Io ci sono, noi ci siamo&#8221;. Cos\u00ec il leader di Italia viva, Matteo Renzi, nella sua enews.<br \/>&#8220;Sar\u00e0 una sfida difficile raggiungere il milione di voti che ci servono per superare il quorum? Io dico che \u00e8 una sfida alla portata di Italia Viva e del cartello elettorale &#8211; pi\u00f9 ampio di Italia Viva &#8211; che si presenter\u00e0 con il nome di Centro. Bisogner\u00e0 lavorare tanto per vincere questa sfida. Ma abbiamo il tempo, l&#8217;entusiasmo e la libert\u00e0 (cit.) per farlo. Lo faremo. E se facciamo il 4% credetemi saremo decisivi in Europa. Dunque, al lavoro per la campagna elettorale. Stanno crescendo gli iscritti a IV, qui per tesserarsi. L&#8217;election day del congresso \u00e8 confermato per il 15 ottobre. Stanno crescendo i canali social, il nostro obiettivo \u00e8 arrivare a 5 milioni di iscritti tra le varie piattaforme&#8221;.<br \/>-foto Agenzia Fotogramma-<br \/>(ITALPRESS).<\/div>\n<div id=\"div-gpt-ad-Messinaoggi.it-DSK-300x250-corpoart\" style=\"text-align:center;margin:0 auto;\"><\/div><\/p><div id=\"videoincontent\" style=\"clear:both\";><\/div>","protected":false},"excerpt":{"rendered":"<p>ROMA (ITALPRESS) &#8211; &#8220;Abbiamo poco pi\u00f9 di nove mesi. Da qui al 9 giugno dovremo fare casa per casa a spiegare perch\u00e8 serve un Centro non per le piccole vicende personalistiche su cui siamo stati costretti negli ultimi mesi ma per l&#8217;Europa. In Europa servono persone che hanno esperienza e visione per offrire un&#8217;alternativa contro [&hellip;]<\/p>\n","protected":false},"author":18,"featured_media":166946,"comment_status":"closed","ping_status":"closed","sticky":false,"template":"","format":"standard","meta":{"ub_ctt_via":"","_mi_skip_tracking":false},"categories":[446],"tags":[783],"featured_image_src":"https:\/\/www.messinaoggi.it\/website\/wp-content\/uploads\/2023\/08\/20230824_0524.jpg","author_info":{"display_name":"Admin","author_link":"https:\/\/www.messinaoggi.it\/website\/author\/admin\/"},"digistream_id":0,"digistream":false,"_links":{"self":[{"href":"https:\/\/www.messinaoggi.it\/website\/wp-json\/wp\/v2\/posts\/166945"}],"collection":[{"href":"https:\/\/www.messinaoggi.it\/website\/wp-json\/wp\/v2\/posts"}],"about":[{"href":"https:\/\/www.messinaoggi.it\/website\/wp-json\/wp\/v2\/types\/post"}],"author":[{"embeddable":true,"href":"https:\/\/www.messinaoggi.it\/website\/wp-json\/wp\/v2\/users\/18"}],"replies":[{"embeddable":true,"href":"https:\/\/www.messinaoggi.it\/website\/wp-json\/wp\/v2\/comments?post=166945"}],"version-history":[{"count":0,"href":"https:\/\/www.messinaoggi.it\/website\/wp-json\/wp\/v2\/posts\/166945\/revisions"}],"wp:featuredmedia":[{"embeddable":true,"href":"https:\/\/www.messinaoggi.it\/website\/wp-json\/wp\/v2\/media\/166946"}],"wp:attachment":[{"href":"https:\/\/www.messinaoggi.it\/website\/wp-json\/wp\/v2\/media?parent=166945"}],"wp:term":[{"taxonomy":"category","embeddable":true,"href":"https:\/\/www.messinaoggi.it\/website\/wp-json\/wp\/v2\/categories?post=166945"},{"taxonomy":"post_tag","embeddable":true,"href":"https:\/\/www.messinaoggi.it\/website\/wp-json\/wp\/v2\/tags?post=166945"}],"curies":[{"name":"wp","href":"https:\/\/api.w.org\/{rel}","templated":true}]}}