{"id":166931,"date":"2023-08-24T14:08:03","date_gmt":"2023-08-24T12:08:03","guid":{"rendered":"https:\/\/www.messinaoggi.it\/website\/2023\/08\/24\/sisma-2016-musumeci-ricostruire-ma-anche-prevenire\/"},"modified":"2023-08-24T14:08:03","modified_gmt":"2023-08-24T12:08:03","slug":"sisma-2016-musumeci-ricostruire-ma-anche-prevenire","status":"publish","type":"post","link":"https:\/\/www.messinaoggi.it\/website\/2023\/08\/24\/sisma-2016-musumeci-ricostruire-ma-anche-prevenire\/","title":{"rendered":"Sisma 2016, Musumeci \u201cRicostruire ma anche prevenire\u201d"},"content":{"rendered":"<div>ROMA (ITALPRESS) &#8211; &#8220;A sette anni dal terremoto, la ricostruzione (iniziata un anno dopo) \u00e8 ancora in corso. C&#8217;\u00e8 stata una accentuazione negli ultimi mesi e l&#8217;obiettivo del governo \u00e8 quello di accelerare ulteriormente nelle procedure burocratiche che mal si conciliano con le esigenze di una ricostruzione celere ma sicura. Tenere vivo il ricordo del sisma \u00e8 un dovere morale verso le centinaia di vittime, ma anche uno stimolo a capire quella lezione: prevenire e ridurre la esposizione alla vulnerabilit\u00e0 del proprio territorio. E&#8217; assurdo che l&#8217;Italia non abbia ancora un organico Piano nazionale per la mitigazione del rischio sismico, materia polverizzata in decine di leggi. Stiamo rimediando anche a questa lacuna ed entro poco tempo porteremo al Consiglio dei ministri un apposito ddl&#8221;. Lo afferma ad Amatrice il ministro per la Protezione civile e le Politiche del mare  Nello Musumeci, in occasione della commemorazione ad Amatrice del sisma di sette anni fa.<div id=\"div-gpt-ad-Messinaoggi.it-DSK-300x250-corpoart\" style=\"text-align:center;margin:0 auto;\"><\/div><\/p>\n<p>&#8211; Foto: Agenzia Fotogramma &#8211;<div id=\"videoincontent\" style=\"clear:both\";><\/div><\/p>\n<p>(ITALPRESS).<\/p><\/div>\n","protected":false},"excerpt":{"rendered":"<p>ROMA (ITALPRESS) &#8211; &#8220;A sette anni dal terremoto, la ricostruzione (iniziata un anno dopo) \u00e8 ancora in corso. C&#8217;\u00e8 stata una accentuazione negli ultimi mesi e l&#8217;obiettivo del governo \u00e8 quello di accelerare ulteriormente nelle procedure burocratiche che mal si conciliano con le esigenze di una ricostruzione celere ma sicura. Tenere vivo il ricordo del [&hellip;]<\/p>\n","protected":false},"author":18,"featured_media":166932,"comment_status":"closed","ping_status":"closed","sticky":false,"template":"","format":"standard","meta":{"ub_ctt_via":"","_mi_skip_tracking":false},"categories":[446],"tags":[783],"featured_image_src":"https:\/\/www.messinaoggi.it\/website\/wp-content\/uploads\/2023\/08\/20230824_0433.jpg","author_info":{"display_name":"Admin","author_link":"https:\/\/www.messinaoggi.it\/website\/author\/admin\/"},"digistream_id":0,"digistream":false,"_links":{"self":[{"href":"https:\/\/www.messinaoggi.it\/website\/wp-json\/wp\/v2\/posts\/166931"}],"collection":[{"href":"https:\/\/www.messinaoggi.it\/website\/wp-json\/wp\/v2\/posts"}],"about":[{"href":"https:\/\/www.messinaoggi.it\/website\/wp-json\/wp\/v2\/types\/post"}],"author":[{"embeddable":true,"href":"https:\/\/www.messinaoggi.it\/website\/wp-json\/wp\/v2\/users\/18"}],"replies":[{"embeddable":true,"href":"https:\/\/www.messinaoggi.it\/website\/wp-json\/wp\/v2\/comments?post=166931"}],"version-history":[{"count":0,"href":"https:\/\/www.messinaoggi.it\/website\/wp-json\/wp\/v2\/posts\/166931\/revisions"}],"wp:featuredmedia":[{"embeddable":true,"href":"https:\/\/www.messinaoggi.it\/website\/wp-json\/wp\/v2\/media\/166932"}],"wp:attachment":[{"href":"https:\/\/www.messinaoggi.it\/website\/wp-json\/wp\/v2\/media?parent=166931"}],"wp:term":[{"taxonomy":"category","embeddable":true,"href":"https:\/\/www.messinaoggi.it\/website\/wp-json\/wp\/v2\/categories?post=166931"},{"taxonomy":"post_tag","embeddable":true,"href":"https:\/\/www.messinaoggi.it\/website\/wp-json\/wp\/v2\/tags?post=166931"}],"curies":[{"name":"wp","href":"https:\/\/api.w.org\/{rel}","templated":true}]}}