{"id":166898,"date":"2023-08-24T09:19:54","date_gmt":"2023-08-24T07:19:54","guid":{"rendered":"http:\/\/www.messinaoggi.it\/website\/?p=166898"},"modified":"2023-08-24T09:19:55","modified_gmt":"2023-08-24T07:19:55","slug":"forza-italia-alessandra-pidala-e-la-nuova-coordinatrice-provinciale-di-azzurro-donna","status":"publish","type":"post","link":"https:\/\/www.messinaoggi.it\/website\/2023\/08\/24\/forza-italia-alessandra-pidala-e-la-nuova-coordinatrice-provinciale-di-azzurro-donna\/","title":{"rendered":"Forza Italia, Alessandra Pidal\u00e0 \u00e8 la nuova coordinatrice provinciale di Azzurro Donna"},"content":{"rendered":"\n<p>Sar\u00e0 Alessandra Pidal\u00e0 la nuova coordinatrice provinciale di Azzurro Donna, il gruppo di Forza Italia che si occupa di promuovere e valorizzare la presenza femminile nella politica e nella societ\u00e0. La nomina \u00e8 stata conferita ieri dalla coordinatrice regionale di Azzurro Donna, Maria Antonietta Testone, in accordo con la coordinatrice nazionale, Catia Polidoro e con la coordinatrice provinciale di Forza Italia, Bernardette Grasso. Pidal\u00e0 subentra alla dottoressa Melania Messina, seguendo un avvicendamento gi\u00e0 concordato in seno al Partito azzurro.<div id=\"div-gpt-ad-Messinaoggi.it-DSK-300x250-corpoart\" style=\"text-align:center;margin:0 auto;\"><\/div><\/p>\n\n\n\n<p>\u201cSono felice per la nomina di Alessandra, una donna competente e appassionata, che nel messinese sapr\u00e0 portare avanti il progetto di Azzurro Donna con impegno e determinazione. &#8211; afferma l&#8217;onorevole Grasso &#8211; Negli anni ha dimostrato di essere una valida rappresentante del nostro partito e una sensibile interprete delle esigenze delle donne del nostro territorio. Sono sicura che sapr\u00e0 coinvolgere e motivare sempre pi\u00f9 donne a partecipare alla vita politica e a sostenere le nostre battaglie per la libert\u00e0, la giustizia e il benessere\u201d.<div id=\"videoincontent\" style=\"clear:both\";><\/div><\/p>\n\n\n\n<p>\u201cAccetto l&#8217;incarico con grande entusiasmo. &#8211; chiosa Pidal\u00e0 &#8211; Ringrazio la coordinatrice regionale Maria Antonietta Testone, la coordinatrice nazionale Catia Polidori e l&#8217;onorevole Bernardette Grasso per la fiducia che mi hanno accordato. Ritengo che il progetto di Azzurro Donna sia un valore aggiunto per il nostro partito. Mi impegner\u00f2 a promuovere e valorizzare il ruolo delle donne nella politica e nei ruoli chiave della nostra societ\u00e0, a partire dalle istanze delle donne messinesi. Voglio creare una rete di donne forti, coraggiose e solidali, che sappiano fare squadra e condividere gli storici obiettivi di libert\u00e0 di Forza Italia\u201d.<\/p>\n","protected":false},"excerpt":{"rendered":"<p>Sar\u00e0 Alessandra Pidal\u00e0 la nuova coordinatrice provinciale di Azzurro Donna, il gruppo di Forza Italia che si occupa di promuovere e valorizzare la presenza femminile nella politica e nella societ\u00e0. La nomina \u00e8 stata conferita ieri dalla coordinatrice regionale di Azzurro Donna, Maria Antonietta Testone, in accordo con la coordinatrice nazionale, Catia Polidoro e con [&hellip;]<\/p>\n","protected":false},"author":8,"featured_media":166899,"comment_status":"open","ping_status":"open","sticky":false,"template":"","format":"standard","meta":{"ub_ctt_via":"","_mi_skip_tracking":false},"categories":[4],"tags":[8554,8553,625],"featured_image_src":"https:\/\/www.messinaoggi.it\/website\/wp-content\/uploads\/2023\/08\/Alessandra-Pidala.jpg","author_info":{"display_name":"red..me","author_link":"https:\/\/www.messinaoggi.it\/website\/author\/redstage\/"},"digistream_id":0,"digistream":false,"_links":{"self":[{"href":"https:\/\/www.messinaoggi.it\/website\/wp-json\/wp\/v2\/posts\/166898"}],"collection":[{"href":"https:\/\/www.messinaoggi.it\/website\/wp-json\/wp\/v2\/posts"}],"about":[{"href":"https:\/\/www.messinaoggi.it\/website\/wp-json\/wp\/v2\/types\/post"}],"author":[{"embeddable":true,"href":"https:\/\/www.messinaoggi.it\/website\/wp-json\/wp\/v2\/users\/8"}],"replies":[{"embeddable":true,"href":"https:\/\/www.messinaoggi.it\/website\/wp-json\/wp\/v2\/comments?post=166898"}],"version-history":[{"count":1,"href":"https:\/\/www.messinaoggi.it\/website\/wp-json\/wp\/v2\/posts\/166898\/revisions"}],"predecessor-version":[{"id":166900,"href":"https:\/\/www.messinaoggi.it\/website\/wp-json\/wp\/v2\/posts\/166898\/revisions\/166900"}],"wp:featuredmedia":[{"embeddable":true,"href":"https:\/\/www.messinaoggi.it\/website\/wp-json\/wp\/v2\/media\/166899"}],"wp:attachment":[{"href":"https:\/\/www.messinaoggi.it\/website\/wp-json\/wp\/v2\/media?parent=166898"}],"wp:term":[{"taxonomy":"category","embeddable":true,"href":"https:\/\/www.messinaoggi.it\/website\/wp-json\/wp\/v2\/categories?post=166898"},{"taxonomy":"post_tag","embeddable":true,"href":"https:\/\/www.messinaoggi.it\/website\/wp-json\/wp\/v2\/tags?post=166898"}],"curies":[{"name":"wp","href":"https:\/\/api.w.org\/{rel}","templated":true}]}}