{"id":16685,"date":"2018-03-10T11:58:51","date_gmt":"2018-03-10T10:58:51","guid":{"rendered":"http:\/\/www.messinaoggi.it\/website\/?p=16685"},"modified":"2018-03-10T11:58:51","modified_gmt":"2018-03-10T10:58:51","slug":"moretti-completare-lasse-ferroviario-palermo-catania-messina-il-ponte-non-e-una-priorita","status":"publish","type":"post","link":"https:\/\/www.messinaoggi.it\/website\/2018\/03\/10\/moretti-completare-lasse-ferroviario-palermo-catania-messina-il-ponte-non-e-una-priorita\/","title":{"rendered":"Moretti: &quot;Completare l&#039;asse Palermo-Catania-Messina, il Ponte non \u00e8 una priorit\u00e0&quot;"},"content":{"rendered":"<p>&#8220;E&#8217; importante completare l&#8217;asse Palermo-Catania-Messina\u00a0che \u00e8 la colonna vertebrale della Sicilia. Poi si ricostruiranno le altre diramazioni, verso Agrigento, Siracusa e Cefal\u00f9&#8221;. Cos\u00ec Mauro Moretti, presidente della Fondazione Fs, a margine della corsa straordinaria del &#8216;Mandorlo in fiore Express&#8217;, treno d&#8217;epoca diretto alla Valle dei Templi di Agrigento partito da Palermo.<br \/>\n&#8220;La Sicilia ha bisogno di interventi infrastrutturali. Tanti anni fa lanciai l&#8217;idea di lanciare una tratta Palermo-Catania-Messina\u00a0ad alta velocit\u00e0 a 220 km\/h. Per fare in modo che ci\u00f2 accada, ci vuole una infrastruttura ammodernata e un servizio di qualit\u00e0.<br \/>\nIl Ponte sullo Stretto non \u00e8 una priorit\u00e0 &#8211; ha aggiunto Moretti -. I collegamenti sono tutti benvenuti quando riescono a unire parti importanti del territorio e la Sicilia lo \u00e8 sicuramente. Per\u00f2, dovendo fare una gerarchia di interventi, direi &#8216;facciamo prima quello che serve all&#8217;interno&#8217;, semplicemente perch\u00e9 dei cinque milioni e mezzo di persone che abitano in Sicilia, pi\u00f9 del 90% si muove all&#8217;interno dell&#8217;Isola e deve avere infrastrutture di qualit\u00e0 cos\u00ec come in qualsiasi altra Regione&#8221;.<div id=\"div-gpt-ad-Messinaoggi.it-DSK-300x250-corpoart\" style=\"text-align:center;margin:0 auto;\"><\/div><\/p>\n<div id=\"videoincontent\" style=\"clear:both\";><\/div>","protected":false},"excerpt":{"rendered":"<p>&#8220;E&#8217; importante completare l&#8217;asse Palermo-Catania-Messina\u00a0che \u00e8 la colonna vertebrale della Sicilia. Poi si ricostruiranno le altre diramazioni, verso Agrigento, Siracusa e Cefal\u00f9&#8221;. Cos\u00ec Mauro Moretti, presidente della Fondazione Fs, a margine della corsa straordinaria del &#8216;Mandorlo in fiore Express&#8217;, treno d&#8217;epoca diretto alla Valle dei Templi di Agrigento partito da Palermo. &#8220;La Sicilia ha bisogno [&hellip;]<\/p>\n","protected":false},"author":2,"featured_media":16687,"comment_status":"closed","ping_status":"open","sticky":false,"template":"","format":"standard","meta":{"ub_ctt_via":"","_mi_skip_tracking":false},"categories":[11],"tags":[],"featured_image_src":"https:\/\/www.messinaoggi.it\/website\/wp-content\/uploads\/2018\/03\/messina-centrale-stazione-Fs-binari-1.jpg","author_info":{"display_name":"Redazione","author_link":"https:\/\/www.messinaoggi.it\/website\/author\/redazione\/"},"digistream_id":0,"digistream":false,"_links":{"self":[{"href":"https:\/\/www.messinaoggi.it\/website\/wp-json\/wp\/v2\/posts\/16685"}],"collection":[{"href":"https:\/\/www.messinaoggi.it\/website\/wp-json\/wp\/v2\/posts"}],"about":[{"href":"https:\/\/www.messinaoggi.it\/website\/wp-json\/wp\/v2\/types\/post"}],"author":[{"embeddable":true,"href":"https:\/\/www.messinaoggi.it\/website\/wp-json\/wp\/v2\/users\/2"}],"replies":[{"embeddable":true,"href":"https:\/\/www.messinaoggi.it\/website\/wp-json\/wp\/v2\/comments?post=16685"}],"version-history":[{"count":0,"href":"https:\/\/www.messinaoggi.it\/website\/wp-json\/wp\/v2\/posts\/16685\/revisions"}],"wp:featuredmedia":[{"embeddable":true,"href":"https:\/\/www.messinaoggi.it\/website\/wp-json\/wp\/v2\/media\/16687"}],"wp:attachment":[{"href":"https:\/\/www.messinaoggi.it\/website\/wp-json\/wp\/v2\/media?parent=16685"}],"wp:term":[{"taxonomy":"category","embeddable":true,"href":"https:\/\/www.messinaoggi.it\/website\/wp-json\/wp\/v2\/categories?post=16685"},{"taxonomy":"post_tag","embeddable":true,"href":"https:\/\/www.messinaoggi.it\/website\/wp-json\/wp\/v2\/tags?post=16685"}],"curies":[{"name":"wp","href":"https:\/\/api.w.org\/{rel}","templated":true}]}}