{"id":16672,"date":"2018-03-10T10:27:23","date_gmt":"2018-03-10T09:27:23","guid":{"rendered":"http:\/\/www.messinaoggi.it\/website\/?p=16672"},"modified":"2018-03-10T10:27:23","modified_gmt":"2018-03-10T09:27:23","slug":"guasto-tubazione-problemi-idrici-tra-montepiselli-e-viale-annunziata","status":"publish","type":"post","link":"https:\/\/www.messinaoggi.it\/website\/2018\/03\/10\/guasto-tubazione-problemi-idrici-tra-montepiselli-e-viale-annunziata\/","title":{"rendered":"Guasto tubazione, problemi idrici tra Montepiselli e viale Annunziata"},"content":{"rendered":"<p>Un guasto a una tubazione che parte dal serbatoio &#8220;Gonzaga&#8221; ha impegnato i tecnici di Amam di\u00a0Messina\u00a0per effettuare la riparazione e &#8220;consentire, al pi\u00f9 presto, il ripristino della piena efficienza dell&#8217;importante struttura al servizio dell&#8217;acquedotto cittadino. Lo fa sapere l&#8217;Amam.<br \/>\n&#8220;Nelle zone a monte della Circonvallazione, comprese tra Montepiselli e il viale Annunziata, l&#8217;erogazione idrica \u00e8 attualmente sospesa e si spera di ripristinarla gi\u00e0 dalla mattinata.<br \/>\nL&#8217;intervento risolutivo richieder\u00e0 alcuni giorni di lavoro &#8211; si legge nella nota &#8211; ma sar\u00e0 realizzato un by pass provvisorio che consentir\u00e0 di assicurare, appunto in corso d&#8217;opera, la distribuzione nelle zone servite dalla condotta da riparare&#8221;.<div id=\"div-gpt-ad-Messinaoggi.it-DSK-300x250-corpoart\" style=\"text-align:center;margin:0 auto;\"><\/div><\/p>\n<div id=\"videoincontent\" style=\"clear:both\";><\/div>","protected":false},"excerpt":{"rendered":"<p>Un guasto a una tubazione che parte dal serbatoio &#8220;Gonzaga&#8221; ha impegnato i tecnici di Amam di\u00a0Messina\u00a0per effettuare la riparazione e &#8220;consentire, al pi\u00f9 presto, il ripristino della piena efficienza dell&#8217;importante struttura al servizio dell&#8217;acquedotto cittadino. Lo fa sapere l&#8217;Amam. &#8220;Nelle zone a monte della Circonvallazione, comprese tra Montepiselli e il viale Annunziata, l&#8217;erogazione idrica [&hellip;]<\/p>\n","protected":false},"author":2,"featured_media":3506,"comment_status":"closed","ping_status":"open","sticky":false,"template":"","format":"standard","meta":{"ub_ctt_via":"","_mi_skip_tracking":false},"categories":[5],"tags":[],"featured_image_src":"https:\/\/www.messinaoggi.it\/website\/wp-content\/uploads\/2017\/06\/acqua-amam-2.jpg","author_info":{"display_name":"Redazione","author_link":"https:\/\/www.messinaoggi.it\/website\/author\/redazione\/"},"digistream_id":0,"digistream":false,"_links":{"self":[{"href":"https:\/\/www.messinaoggi.it\/website\/wp-json\/wp\/v2\/posts\/16672"}],"collection":[{"href":"https:\/\/www.messinaoggi.it\/website\/wp-json\/wp\/v2\/posts"}],"about":[{"href":"https:\/\/www.messinaoggi.it\/website\/wp-json\/wp\/v2\/types\/post"}],"author":[{"embeddable":true,"href":"https:\/\/www.messinaoggi.it\/website\/wp-json\/wp\/v2\/users\/2"}],"replies":[{"embeddable":true,"href":"https:\/\/www.messinaoggi.it\/website\/wp-json\/wp\/v2\/comments?post=16672"}],"version-history":[{"count":0,"href":"https:\/\/www.messinaoggi.it\/website\/wp-json\/wp\/v2\/posts\/16672\/revisions"}],"wp:featuredmedia":[{"embeddable":true,"href":"https:\/\/www.messinaoggi.it\/website\/wp-json\/wp\/v2\/media\/3506"}],"wp:attachment":[{"href":"https:\/\/www.messinaoggi.it\/website\/wp-json\/wp\/v2\/media?parent=16672"}],"wp:term":[{"taxonomy":"category","embeddable":true,"href":"https:\/\/www.messinaoggi.it\/website\/wp-json\/wp\/v2\/categories?post=16672"},{"taxonomy":"post_tag","embeddable":true,"href":"https:\/\/www.messinaoggi.it\/website\/wp-json\/wp\/v2\/tags?post=16672"}],"curies":[{"name":"wp","href":"https:\/\/api.w.org\/{rel}","templated":true}]}}