{"id":16662,"date":"2018-03-09T21:19:24","date_gmt":"2018-03-09T20:19:24","guid":{"rendered":"http:\/\/www.messinaoggi.it\/website\/?p=16662"},"modified":"2018-03-09T21:19:24","modified_gmt":"2018-03-09T20:19:24","slug":"citta-metropolitana-accorinti-nuovo-sindaco","status":"publish","type":"post","link":"https:\/\/www.messinaoggi.it\/website\/2018\/03\/09\/citta-metropolitana-accorinti-nuovo-sindaco\/","title":{"rendered":"Citt\u00e0 Metropolitana, Accorinti &quot;nuovo&quot; sindaco"},"content":{"rendered":"<p style=\"text-align: justify;\">Alla Citt\u00e0 Metropolitana \u00e8 iniziato ufficialmente il dopo-Calanna. Nel tardo pomeriggio di venerd\u00ec \u00e8 giunto il decreto firmato dal presidente della Regione, Nello Musumeci, che affida a Renato Accorinti il ruolo di sindaco metropolitano.<div id=\"div-gpt-ad-Messinaoggi.it-DSK-300x250-corpoart\" style=\"text-align:center;margin:0 auto;\"><\/div><\/p>\n<p style=\"text-align: justify;\">Una nomina che spesso il primo cittadino ha ammesso di ritenere ingombrante. Insieme ad Accorinti, ci sar\u00e0 pure Filippo Ribaudo, ex segretario generale del Comune di Messina, per lui il ruolo di commissario per il Consiglio.<div id=\"videoincontent\" style=\"clear:both\";><\/div><\/p>\n","protected":false},"excerpt":{"rendered":"<p>Alla Citt\u00e0 Metropolitana \u00e8 iniziato ufficialmente il dopo-Calanna. Nel tardo pomeriggio di venerd\u00ec \u00e8 giunto il decreto firmato dal presidente della Regione, Nello Musumeci, che affida a Renato Accorinti il ruolo di sindaco metropolitano. Una nomina che spesso il primo cittadino ha ammesso di ritenere ingombrante. Insieme ad Accorinti, ci sar\u00e0 pure Filippo Ribaudo, ex [&hellip;]<\/p>\n","protected":false},"author":2,"featured_media":2153,"comment_status":"closed","ping_status":"open","sticky":false,"template":"","format":"standard","meta":{"ub_ctt_via":"","_mi_skip_tracking":false},"categories":[4],"tags":[],"featured_image_src":"https:\/\/www.messinaoggi.it\/website\/wp-content\/uploads\/2017\/06\/Accorinti-sfiducia-2.jpg","author_info":{"display_name":"Redazione","author_link":"https:\/\/www.messinaoggi.it\/website\/author\/redazione\/"},"digistream_id":0,"digistream":false,"_links":{"self":[{"href":"https:\/\/www.messinaoggi.it\/website\/wp-json\/wp\/v2\/posts\/16662"}],"collection":[{"href":"https:\/\/www.messinaoggi.it\/website\/wp-json\/wp\/v2\/posts"}],"about":[{"href":"https:\/\/www.messinaoggi.it\/website\/wp-json\/wp\/v2\/types\/post"}],"author":[{"embeddable":true,"href":"https:\/\/www.messinaoggi.it\/website\/wp-json\/wp\/v2\/users\/2"}],"replies":[{"embeddable":true,"href":"https:\/\/www.messinaoggi.it\/website\/wp-json\/wp\/v2\/comments?post=16662"}],"version-history":[{"count":0,"href":"https:\/\/www.messinaoggi.it\/website\/wp-json\/wp\/v2\/posts\/16662\/revisions"}],"wp:featuredmedia":[{"embeddable":true,"href":"https:\/\/www.messinaoggi.it\/website\/wp-json\/wp\/v2\/media\/2153"}],"wp:attachment":[{"href":"https:\/\/www.messinaoggi.it\/website\/wp-json\/wp\/v2\/media?parent=16662"}],"wp:term":[{"taxonomy":"category","embeddable":true,"href":"https:\/\/www.messinaoggi.it\/website\/wp-json\/wp\/v2\/categories?post=16662"},{"taxonomy":"post_tag","embeddable":true,"href":"https:\/\/www.messinaoggi.it\/website\/wp-json\/wp\/v2\/tags?post=16662"}],"curies":[{"name":"wp","href":"https:\/\/api.w.org\/{rel}","templated":true}]}}