{"id":16647,"date":"2018-03-10T09:18:57","date_gmt":"2018-03-10T08:18:57","guid":{"rendered":"http:\/\/www.messinaoggi.it\/website\/?p=16647"},"modified":"2018-03-10T09:18:57","modified_gmt":"2018-03-10T08:18:57","slug":"inserire-condizione-insularita-nello-statuto-siciliano","status":"publish","type":"post","link":"https:\/\/www.messinaoggi.it\/website\/2018\/03\/10\/inserire-condizione-insularita-nello-statuto-siciliano\/","title":{"rendered":"Inserire condizione insularit\u00e0 nello Statuto siciliano"},"content":{"rendered":"<p>Inserire la condizione di insularit\u00e0 nello Statuto siciliano. E&#8217; l&#8217;oggetto della conferenza stampa che si terr\u00e0 marted\u00ec 13 marzo, alle 10.30, nella sala stampa dell&#8217;Ars a Palermo. Presenti i deputati Rino Piscitello, coordinatore dell&#8217;Unione dei Siciliani, Eleonora Lo Curto e Vincenzo Figuccia, primi firmatari della proposta di legge voto sul tema. Invitati anche i componenti del governo regionale, fra cui il vicepresidente Gaetano Armao promotore del progetto, e i capigruppo dell&#8217;Ars.<br \/>\nLa conferenza si terr\u00e0 in contemporanea e in collegamento con quella dei movimenti della Sardegna, a Cagliari, che propongono a loro volta l&#8217;inserimento della condizione di insularit\u00e0 nella Costituzione e che intendono presentare una proposta di legge costituzionale di iniziativa popolare.<div id=\"div-gpt-ad-Messinaoggi.it-DSK-300x250-corpoart\" style=\"text-align:center;margin:0 auto;\"><\/div><\/p>\n<div id=\"videoincontent\" style=\"clear:both\";><\/div>","protected":false},"excerpt":{"rendered":"<p>Inserire la condizione di insularit\u00e0 nello Statuto siciliano. E&#8217; l&#8217;oggetto della conferenza stampa che si terr\u00e0 marted\u00ec 13 marzo, alle 10.30, nella sala stampa dell&#8217;Ars a Palermo. Presenti i deputati Rino Piscitello, coordinatore dell&#8217;Unione dei Siciliani, Eleonora Lo Curto e Vincenzo Figuccia, primi firmatari della proposta di legge voto sul tema. Invitati anche i componenti [&hellip;]<\/p>\n","protected":false},"author":2,"featured_media":12060,"comment_status":"closed","ping_status":"open","sticky":false,"template":"","format":"standard","meta":{"ub_ctt_via":"","_mi_skip_tracking":false},"categories":[11],"tags":[],"featured_image_src":"https:\/\/www.messinaoggi.it\/website\/wp-content\/uploads\/2017\/11\/palazzo-dei-normanni-sede-Ars-Palermo-messinaoggiMR.jpg","author_info":{"display_name":"Redazione","author_link":"https:\/\/www.messinaoggi.it\/website\/author\/redazione\/"},"digistream_id":0,"digistream":false,"_links":{"self":[{"href":"https:\/\/www.messinaoggi.it\/website\/wp-json\/wp\/v2\/posts\/16647"}],"collection":[{"href":"https:\/\/www.messinaoggi.it\/website\/wp-json\/wp\/v2\/posts"}],"about":[{"href":"https:\/\/www.messinaoggi.it\/website\/wp-json\/wp\/v2\/types\/post"}],"author":[{"embeddable":true,"href":"https:\/\/www.messinaoggi.it\/website\/wp-json\/wp\/v2\/users\/2"}],"replies":[{"embeddable":true,"href":"https:\/\/www.messinaoggi.it\/website\/wp-json\/wp\/v2\/comments?post=16647"}],"version-history":[{"count":0,"href":"https:\/\/www.messinaoggi.it\/website\/wp-json\/wp\/v2\/posts\/16647\/revisions"}],"wp:featuredmedia":[{"embeddable":true,"href":"https:\/\/www.messinaoggi.it\/website\/wp-json\/wp\/v2\/media\/12060"}],"wp:attachment":[{"href":"https:\/\/www.messinaoggi.it\/website\/wp-json\/wp\/v2\/media?parent=16647"}],"wp:term":[{"taxonomy":"category","embeddable":true,"href":"https:\/\/www.messinaoggi.it\/website\/wp-json\/wp\/v2\/categories?post=16647"},{"taxonomy":"post_tag","embeddable":true,"href":"https:\/\/www.messinaoggi.it\/website\/wp-json\/wp\/v2\/tags?post=16647"}],"curies":[{"name":"wp","href":"https:\/\/api.w.org\/{rel}","templated":true}]}}