{"id":166382,"date":"2023-08-18T10:41:25","date_gmt":"2023-08-18T08:41:25","guid":{"rendered":"http:\/\/www.messinaoggi.it\/website\/?p=166382"},"modified":"2023-08-18T10:41:59","modified_gmt":"2023-08-18T08:41:59","slug":"kalfaracconta-tra-penna-e-sguardi-autori-jonici-si-confrontano-su-come-raccontare-il-territorio","status":"publish","type":"post","link":"https:\/\/www.messinaoggi.it\/website\/2023\/08\/18\/kalfaracconta-tra-penna-e-sguardi-autori-jonici-si-confrontano-su-come-raccontare-il-territorio\/","title":{"rendered":"Kalfaracconta tra penna e sguardi. Autori jonici si confrontano su come raccontare il territorio"},"content":{"rendered":"\n<p>Avr\u00e0 luogo domenica 20 agosto la V edizione di Kalfaracconta, la rassegna letteraria \u201calla ricerca dell\u2019identit\u00e0 territoriale\u201d, che da anni approfondisce aspetti della riviera jonica attraverso la voce dei suoi autori. Il tema dell\u2019edizione 2023, scelto da Archeoclub e Comune, che organizzano in sinergia, \u00e8 \u201cI territori tra penna e sguardi\u201d. Gli autori invitati saranno chiamati a confrontarsi su come il territorio jonico si presti ad essere narrato attraverso le varie modalit\u00e0 espressive. Si inizier\u00e0 con l\u2019inaugurazione di una particolare mostra di \u201cfoto su tela\u201d realizzata dal giornalista Saro Lagan\u00e0, dedicata a Taormina. La mostra verr\u00e0 allestita nella nuova biblioteca comunale, dove si tiene Kalfaracconta, e potr\u00e0 essere visitata fino al 27 agosto, con possibilit\u00e0 di contattare l\u2019autore delle opere. Dopo i saluti istituzionali, il presidente di Archeoclub Area Jonica, Filippo Brianni, introdurr\u00e0 i lavori con uno schizzo sulla visione di Carmelo Duro dell\u2019Alta Val d\u2019Agr\u00f2, nell\u2019ambito del progetto itinerante \u201cOtto borghi un territorio\u201d, che Archeoclub conduce da anni per ricordare l\u2019opera dello scrittore alessese. La giornalista Francesca Gullotta dialogher\u00e0 poi con Milena Privitera (autrice di \u201cStraniere a Taormina\u201d, Algra editore) su \u201cTaormina, la perla e le sue straniere\u201d. Di \u201cStoria e territori\u201d parleranno invece gli storici Salvatore Mosca e Carlo Gregorio, quest\u2019ultimo di recente autore del testo di ricerca storica, \u201cDalla torre di Roccalumera alle torri di S. Teresa di Riva\u201d, Edas editore. La riviera \u00e8 stata spesso raccontata attraverso toni di \u201cmagia onirica\u201d e di questo ne parleranno l\u2019assessore alla cultura Nunziella Mazzullo con Enrico Scandurra, che ha scritto per Algra \u201cLa misteriosa fine del professore Alberto Mazzaglia\u201d. Di territori raccontati attraverso la poesia parleranno due poeti, Mariapia Crisafulli ed Enrico De Lea, che per Seri Editore ha di recente scritto la raccolta \u201cGiardini di Occidente\u201d. Chiuder\u00e0 un dialogo sui \u201cterritori di ritorni\u201d, con Angelo Vecchio, autore di \u201cUna giovane coppia\u201d, Leima Editore.<div id=\"div-gpt-ad-Messinaoggi.it-DSK-300x250-corpoart\" style=\"text-align:center;margin:0 auto;\"><\/div><\/p>\n<div id=\"videoincontent\" style=\"clear:both\";><\/div>","protected":false},"excerpt":{"rendered":"<p>Avr\u00e0 luogo domenica 20 agosto la V edizione di Kalfaracconta, la rassegna letteraria \u201calla ricerca dell\u2019identit\u00e0 territoriale\u201d, che da anni approfondisce aspetti della riviera jonica attraverso la voce dei suoi autori. Il tema dell\u2019edizione 2023, scelto da Archeoclub e Comune, che organizzano in sinergia, \u00e8 \u201cI territori tra penna e sguardi\u201d. Gli autori invitati saranno [&hellip;]<\/p>\n","protected":false},"author":4,"featured_media":166383,"comment_status":"open","ping_status":"open","sticky":false,"template":"","format":"standard","meta":{"ub_ctt_via":"","_mi_skip_tracking":false},"categories":[13,15],"tags":[8530,1241,8529,4957,7620],"featured_image_src":"https:\/\/www.messinaoggi.it\/website\/wp-content\/uploads\/2023\/08\/Kalfa-racconta.png","author_info":{"display_name":"redme","author_link":"https:\/\/www.messinaoggi.it\/website\/author\/redme\/"},"digistream_id":0,"digistream":false,"_links":{"self":[{"href":"https:\/\/www.messinaoggi.it\/website\/wp-json\/wp\/v2\/posts\/166382"}],"collection":[{"href":"https:\/\/www.messinaoggi.it\/website\/wp-json\/wp\/v2\/posts"}],"about":[{"href":"https:\/\/www.messinaoggi.it\/website\/wp-json\/wp\/v2\/types\/post"}],"author":[{"embeddable":true,"href":"https:\/\/www.messinaoggi.it\/website\/wp-json\/wp\/v2\/users\/4"}],"replies":[{"embeddable":true,"href":"https:\/\/www.messinaoggi.it\/website\/wp-json\/wp\/v2\/comments?post=166382"}],"version-history":[{"count":2,"href":"https:\/\/www.messinaoggi.it\/website\/wp-json\/wp\/v2\/posts\/166382\/revisions"}],"predecessor-version":[{"id":166385,"href":"https:\/\/www.messinaoggi.it\/website\/wp-json\/wp\/v2\/posts\/166382\/revisions\/166385"}],"wp:featuredmedia":[{"embeddable":true,"href":"https:\/\/www.messinaoggi.it\/website\/wp-json\/wp\/v2\/media\/166383"}],"wp:attachment":[{"href":"https:\/\/www.messinaoggi.it\/website\/wp-json\/wp\/v2\/media?parent=166382"}],"wp:term":[{"taxonomy":"category","embeddable":true,"href":"https:\/\/www.messinaoggi.it\/website\/wp-json\/wp\/v2\/categories?post=166382"},{"taxonomy":"post_tag","embeddable":true,"href":"https:\/\/www.messinaoggi.it\/website\/wp-json\/wp\/v2\/tags?post=166382"}],"curies":[{"name":"wp","href":"https:\/\/api.w.org\/{rel}","templated":true}]}}