{"id":166373,"date":"2023-08-18T09:12:18","date_gmt":"2023-08-18T07:12:18","guid":{"rendered":"http:\/\/www.messinaoggi.it\/website\/?p=166373"},"modified":"2023-08-18T09:12:20","modified_gmt":"2023-08-18T07:12:20","slug":"meteo-nessuna-ondata-di-calore-sino-al-26","status":"publish","type":"post","link":"https:\/\/www.messinaoggi.it\/website\/2023\/08\/18\/meteo-nessuna-ondata-di-calore-sino-al-26\/","title":{"rendered":"Meteo, nessuna ondata di calore sino al 26"},"content":{"rendered":"\n<p>La godibile estate mediterranea old style contraddistinta da tepore diurno, frescura all&#8217;alba e brezze termiche ha ripreso le redini dopo essere stata annientata da 15 giorni di improvvido maltempo subtropicale. Luglio ha dato il peggio di se, infliggendoci una delle pi\u00f9 inclementi ondata di calore, con la +28 a 850 hpa che ha infuocato gran parte della Sicilia, destinata a picchi record over 45\u00b0.<div id=\"div-gpt-ad-Messinaoggi.it-DSK-300x250-corpoart\" style=\"text-align:center;margin:0 auto;\"><\/div><\/p>\n\n\n\n<p>Dopo una blanda parentesi di blanda variabilit\u00e0 LOCALMENTE negativa ravvisata 5 giorni fa per mano di una innocua -12 a 500 hpa, allo stato attuale il nemico numero 1 sar\u00e0 il tasso dell&#8217;umidit\u00e0 in inarrestabile impennata unitamente ad un dew point tropicale.<div id=\"videoincontent\" style=\"clear:both\";><\/div><\/p>\n\n\n\n<p>Come testifica eloquentemente Ecmwf, tutto il bacino centrale del Mediterraneo sar\u00e0 recluso e soggiogato da uno spacciante anticiclone subtropicale, dalla struttura piuttosto imponente.<\/p>\n\n\n\n<p>La nostra penisola sar\u00e0 interessata soltanto marginalmente dalla gobba infuocata indirizzata alla penisola iberica, poich\u00e9 la traiettoria del ramo discendente del getto polare risulta occidentale. Nessuna saccatura Atlantica meridianizzer\u00e0 sul golfo di Guascogna, preservando tutta l&#8217;Italia da campali ondata di calore, soltanto strombazzate senza alcuna attendibilit\u00e0 dai criminali organi di disinformazione votata al terrorismo.<\/p>\n\n\n\n<p>L&#8217;unico elemento destabilizzante sar\u00e0 un corridoio continentale all&#8217;interno del quale tracimer\u00e0 una -12 a 500 hpa durante la giornata domenicale.<\/p>\n\n\n\n<p>Detto questo, \u00e8 opportuno puntualizzare che soltanto sabato la Sicilia sar\u00e0 esposta ad una blanda scaldata, tramite la propagazione di una canonica +20 a 850 hpa, termica che non deve assolutamente cesare scalpore e che pi\u00f9 volte si \u00e8 infiltrata a fine agosto sulle nostre teste. Nessuna seria ondata di calore si prospetta da qui almeno fino al 26, sia chiaro, meglio mettere i puntini sulle &#8220;I&#8221;.<\/p>\n\n\n\n<p>Con questo quadro sinottico ben delineato, risulta chiaro che venerd\u00ec e sabatola stabilit\u00e0 sar\u00e0 marcata e inalterata, ad eccezione di innocui addensamenti cumuliformi vaganti soprattutto sul Tirreno.<\/p>\n\n\n\n<p>Domenica si potrebbe ripresentare una vivace attivit\u00e0 temporalesca di natura termoconvettiva, vagliando la probabilit\u00e0 di locali forti rovesci INTERNI e qualche imponente congesto in formazione Aspromontano, che il moderato getto settentrionale difficilmente accompagner\u00e0 agevolmente sull&#8217;area dello Stretto prima della sua estinzione entro le 17.<\/p>\n\n\n\n<p>Ampie aperture sul versante ionico della nostra provincia, non escludendo qualche isolato episodio precipitativo sul Tirreno pi\u00f9 preventivabile dalle 18 in poi.<\/p>\n\n\n\n<p>I venti spireranno debolmente a regime di brezza dai quadranti settentrionali, con un alito di maestrale prevalente sul Tirreno, lievemente increspato domenica. Sabato mattina subentrer\u00e0 una paralizzante bonaccia, con tassi di umidit\u00e0 alle stelle prossimi al 90% su tutto il Tirreno meridionale. Aria insalubre, greve, soffocante, intrisa di vapore acqueo con dew point 24. Si patir\u00e0 parecchio sabato mattina, con la colonnina di mercurio che osciller\u00e0 dai 25\u00b0 di minima ai 32\u00b0di massima rilevati ALL&#8217;OMBRA, mentre l&#8217;indice di calore sar\u00e0 elevatissimo. Infatti si suder\u00e0 anche da fermi e la qualit\u00e0 del nostro sonno notturno subir\u00e0 un netto deterioramento.<\/p>\n\n\n\n<p>Perch\u00e9 tutta questa micidiale umidit\u00e0? Semplice, il tirreno brodaglia \u00e8 soggetto ad una ficcante evaporazione a causa delle brezze di mare e da diverse settimane non si affacciano perturbazioni degne di questo nome, capaci di rimescolare l&#8217;atmosfera e di attuare una vera e propria svolta.<\/p>\n\n\n\n<p>\u00a0Le tendenze del tempo a medio termine prefigurano una precaria stabilit\u00e0 interna, con avvio settimana instabile soltanto sum rilievi. Temperature lievemente in ribasso, ma per fortuna nessun anticiclone subtropicale egemonizzer\u00e1 il mare nostrum almeno fino al 26. In sintesi, il grosso problema e avversit\u00e0 sar\u00e0 l&#8217;afa, non certamente il caldo.<\/p>\n\n\n\n<p><strong>Alessio Campobello<\/strong><\/p>\n","protected":false},"excerpt":{"rendered":"<p>La godibile estate mediterranea old style contraddistinta da tepore diurno, frescura all&#8217;alba e brezze termiche ha ripreso le redini dopo essere stata annientata da 15 giorni di improvvido maltempo subtropicale. Luglio ha dato il peggio di se, infliggendoci una delle pi\u00f9 inclementi ondata di calore, con la +28 a 850 hpa che ha infuocato gran [&hellip;]<\/p>\n","protected":false},"author":8,"featured_media":166374,"comment_status":"open","ping_status":"open","sticky":false,"template":"","format":"standard","meta":{"ub_ctt_via":"","_mi_skip_tracking":false},"categories":[5],"tags":[1225,178],"featured_image_src":"https:\/\/www.messinaoggi.it\/website\/wp-content\/uploads\/2023\/08\/4b527e43-1e87-4f0d-bfd6-63d003d59d7f.jpg","author_info":{"display_name":"red..me","author_link":"https:\/\/www.messinaoggi.it\/website\/author\/redstage\/"},"digistream_id":0,"digistream":false,"_links":{"self":[{"href":"https:\/\/www.messinaoggi.it\/website\/wp-json\/wp\/v2\/posts\/166373"}],"collection":[{"href":"https:\/\/www.messinaoggi.it\/website\/wp-json\/wp\/v2\/posts"}],"about":[{"href":"https:\/\/www.messinaoggi.it\/website\/wp-json\/wp\/v2\/types\/post"}],"author":[{"embeddable":true,"href":"https:\/\/www.messinaoggi.it\/website\/wp-json\/wp\/v2\/users\/8"}],"replies":[{"embeddable":true,"href":"https:\/\/www.messinaoggi.it\/website\/wp-json\/wp\/v2\/comments?post=166373"}],"version-history":[{"count":1,"href":"https:\/\/www.messinaoggi.it\/website\/wp-json\/wp\/v2\/posts\/166373\/revisions"}],"predecessor-version":[{"id":166375,"href":"https:\/\/www.messinaoggi.it\/website\/wp-json\/wp\/v2\/posts\/166373\/revisions\/166375"}],"wp:featuredmedia":[{"embeddable":true,"href":"https:\/\/www.messinaoggi.it\/website\/wp-json\/wp\/v2\/media\/166374"}],"wp:attachment":[{"href":"https:\/\/www.messinaoggi.it\/website\/wp-json\/wp\/v2\/media?parent=166373"}],"wp:term":[{"taxonomy":"category","embeddable":true,"href":"https:\/\/www.messinaoggi.it\/website\/wp-json\/wp\/v2\/categories?post=166373"},{"taxonomy":"post_tag","embeddable":true,"href":"https:\/\/www.messinaoggi.it\/website\/wp-json\/wp\/v2\/tags?post=166373"}],"curies":[{"name":"wp","href":"https:\/\/api.w.org\/{rel}","templated":true}]}}