{"id":166306,"date":"2023-08-17T12:01:47","date_gmt":"2023-08-17T10:01:47","guid":{"rendered":"http:\/\/www.messinaoggi.it\/website\/?p=166306"},"modified":"2023-08-17T12:01:48","modified_gmt":"2023-08-17T10:01:48","slug":"parte-la-campagna-estiva-di-fratelli-ditalia-nella-provincia-di-messina","status":"publish","type":"post","link":"https:\/\/www.messinaoggi.it\/website\/2023\/08\/17\/parte-la-campagna-estiva-di-fratelli-ditalia-nella-provincia-di-messina\/","title":{"rendered":"Parte la campagna estiva di Fratelli d\u2019Italia nella provincia di Messina"},"content":{"rendered":"\n<p>&#8220;L\u2019Italia torna vincente&#8221; \u00e8 lo slogan scelto da Fratelli d\u2019Italia per la campagna estiva che interesser\u00e0 oltre 250 piazze italiane, per parlare con i cittadini di quanto \u00e8 stato fatto dal governo Meloni e per illustrare quali saranno le azioni future.<div id=\"div-gpt-ad-Messinaoggi.it-DSK-300x250-corpoart\" style=\"text-align:center;margin:0 auto;\"><\/div><\/p>\n\n\n\n<p><br>Nella provincia di Messina si partir\u00e0 da Roccalumera il 19 agosto, a confermarlo \u00e8 <strong>Biagio Gatto,<\/strong> Coordinatore del locale Circolo di Fratelli d\u2019Italia, che chiama a raccolta Militanti e simpatizzanti di Fratelli d\u2019Italia e di Giovent\u00f9 Nazionale, dalle 18:00 alle 20:00 sul Lungomare C. Colombo (ndr. nello spazio antistante il Main Palace Hotel) alla presenza dei vertici regionali e provinciali nonch\u00e9 della deputazione nazionale e regionale del Partito, per distribuire depliant informativi sulle principali azioni intraprese dal Governo Meloni a poco meno di un anno dal suo insediamento.<div id=\"videoincontent\" style=\"clear:both\";><\/div><\/p>\n\n\n\n<p>&#8220;Una modalit\u00e0 semplice e leggera &#8211; l\u2019ha definita la Sen. <strong>Ella Bucalo, <\/strong>Commissario provinciale di Fratelli d\u2019Italia &#8211; segno tangibile della presenza del Partito sul territorio, utile per raccontare ai cittadini la verit\u00e0 sui contenuti dei provvedimenti sinora adottati dal Governo di centrodestra, dell\u2019aumento del lavoro, della disoccupazione ai minimi storici, degli aiuti concreti per i pi\u00f9 deboli, dell\u2019aumento delle pensioni minime, del \u201cfisco amico\u201d, dell\u2019alleggerimento delle tasse, della giustizia, della maggiore credibilit\u00e0 in campo internazionale, della lotta alla criminalit\u00e0&#8221;.<\/p>\n\n\n\n<p>&#8220;Noi di Fratelli d\u2019Italia siamo sempre vicini ai cittadini &#8211; dichiara l\u2019On. <strong>Elvira Amata<\/strong>, Deputata e Assessore regionale, nonch\u00e9 Commissario provinciale del Partito della Meloni a Messina &#8211; approfittiamo anche della pausa estiva per incontrarli, stare con loro in piazza e parlare di quanto \u00e8 stato fatto, dei numeri record che sta vivendo il turismo nella nostra Isola ed in tutta Italia in generale e delle azioni che si intende intraprendere per il futuro&#8221;.<\/p>\n\n\n\n<p>&#8220;Erano in tanti a scommettere contro di noi e contro l\u2019Italia &#8211; afferma il parlamentare regionale <strong>Pino Galluzzo <\/strong>&#8211;  ma dopo soli nove mesi di governo, Giorgia Meloni ha smentito tutti. Stiamo dimostrando di saper essere all\u2019altezza, di aver intrapreso la strada giusta e, a Palermo come a Roma, stiamo lavorando per trovare le giuste soluzioni ai problemi dei cittadini&#8221;.<\/p>\n","protected":false},"excerpt":{"rendered":"<p>&#8220;L\u2019Italia torna vincente&#8221; \u00e8 lo slogan scelto da Fratelli d\u2019Italia per la campagna estiva che interesser\u00e0 oltre 250 piazze italiane, per parlare con i cittadini di quanto \u00e8 stato fatto dal governo Meloni e per illustrare quali saranno le azioni future. Nella provincia di Messina si partir\u00e0 da Roccalumera il 19 agosto, a confermarlo \u00e8 [&hellip;]<\/p>\n","protected":false},"author":15,"featured_media":145454,"comment_status":"open","ping_status":"open","sticky":false,"template":"","format":"standard","meta":{"ub_ctt_via":"","_mi_skip_tracking":false},"categories":[4],"tags":[1308,655,1059,2306,1526,1058,5930,851],"featured_image_src":"https:\/\/www.messinaoggi.it\/website\/wp-content\/uploads\/2023\/03\/Meloni-palazzo-chigi.jpg","author_info":{"display_name":"red.me","author_link":"https:\/\/www.messinaoggi.it\/website\/author\/red-me\/"},"digistream_id":0,"digistream":false,"_links":{"self":[{"href":"https:\/\/www.messinaoggi.it\/website\/wp-json\/wp\/v2\/posts\/166306"}],"collection":[{"href":"https:\/\/www.messinaoggi.it\/website\/wp-json\/wp\/v2\/posts"}],"about":[{"href":"https:\/\/www.messinaoggi.it\/website\/wp-json\/wp\/v2\/types\/post"}],"author":[{"embeddable":true,"href":"https:\/\/www.messinaoggi.it\/website\/wp-json\/wp\/v2\/users\/15"}],"replies":[{"embeddable":true,"href":"https:\/\/www.messinaoggi.it\/website\/wp-json\/wp\/v2\/comments?post=166306"}],"version-history":[{"count":1,"href":"https:\/\/www.messinaoggi.it\/website\/wp-json\/wp\/v2\/posts\/166306\/revisions"}],"predecessor-version":[{"id":166307,"href":"https:\/\/www.messinaoggi.it\/website\/wp-json\/wp\/v2\/posts\/166306\/revisions\/166307"}],"wp:featuredmedia":[{"embeddable":true,"href":"https:\/\/www.messinaoggi.it\/website\/wp-json\/wp\/v2\/media\/145454"}],"wp:attachment":[{"href":"https:\/\/www.messinaoggi.it\/website\/wp-json\/wp\/v2\/media?parent=166306"}],"wp:term":[{"taxonomy":"category","embeddable":true,"href":"https:\/\/www.messinaoggi.it\/website\/wp-json\/wp\/v2\/categories?post=166306"},{"taxonomy":"post_tag","embeddable":true,"href":"https:\/\/www.messinaoggi.it\/website\/wp-json\/wp\/v2\/tags?post=166306"}],"curies":[{"name":"wp","href":"https:\/\/api.w.org\/{rel}","templated":true}]}}