{"id":166203,"date":"2023-08-15T15:38:41","date_gmt":"2023-08-15T13:38:41","guid":{"rendered":"http:\/\/www.messinaoggi.it\/website\/?p=166203"},"modified":"2023-08-15T15:47:15","modified_gmt":"2023-08-15T13:47:15","slug":"tra-religione-e-identita-orari-e-curiosita-in-vista-della-vara","status":"publish","type":"post","link":"https:\/\/www.messinaoggi.it\/website\/2023\/08\/15\/tra-religione-e-identita-orari-e-curiosita-in-vista-della-vara\/","title":{"rendered":"Tra religione e identit\u00e0, orari e curiosit\u00e0 in vista della Vara"},"content":{"rendered":"\n<p>La Vara di Messina \u00e8 il momento pi\u00f9 atteso dell&#8217;anno per molti devoti ed \u00e8 uno dei simboli o forse il simbolo pi\u00f9 importante dell&#8217;identit\u00e0 messinese. Molto di pi\u00f9 di una semplice cerimonia religiosa.<div id=\"div-gpt-ad-Messinaoggi.it-DSK-300x250-corpoart\" style=\"text-align:center;margin:0 auto;\"><\/div><\/p>\n\n\n\n<p>Rappresenta l&#8217;ascensione della <strong>Madonna Assunta in cielo.<\/strong> \u00c8 composta di un grande carro votivo molto composito, probabilmente inventato attorno agli anni &#8217;30 del 1500, quando un carro laico dedicato all&#8217;imperatore <strong>Carlo V <\/strong>e alla sua &#8220;Vittoria&#8221;, fu trasformato in un carro dedicato a Cristo ed all&#8217;Assunta.<div id=\"videoincontent\" style=\"clear:both\";><\/div><\/p>\n\n\n\n<p>Si tratta di una struttura piramidale costituita da tante figure, che un tempo erano vive e rappresentate da persone in carne ed ossa che si muovevano. Ancora oggi che sono statue, alcune di esse continuano ad essere in movimento.<\/p>\n\n\n\n<figure class=\"wp-block-image size-large\"><img loading=\"lazy\" width=\"1024\" height=\"461\" src=\"http:\/\/www.messinaoggi.it\/website\/wp-content\/uploads\/2022\/09\/piazza-duomo-e-la-Vara-2022-1024x461.jpeg\" alt=\"\" class=\"wp-image-119993\" srcset=\"https:\/\/www.messinaoggi.it\/website\/wp-content\/uploads\/2022\/09\/piazza-duomo-e-la-Vara-2022-1024x461.jpeg 1024w, https:\/\/www.messinaoggi.it\/website\/wp-content\/uploads\/2022\/09\/piazza-duomo-e-la-Vara-2022-300x135.jpeg 300w, https:\/\/www.messinaoggi.it\/website\/wp-content\/uploads\/2022\/09\/piazza-duomo-e-la-Vara-2022-768x346.jpeg 768w, https:\/\/www.messinaoggi.it\/website\/wp-content\/uploads\/2022\/09\/piazza-duomo-e-la-Vara-2022-1536x692.jpeg 1536w, https:\/\/www.messinaoggi.it\/website\/wp-content\/uploads\/2022\/09\/piazza-duomo-e-la-Vara-2022.jpeg 2016w\" sizes=\"(max-width: 1024px) 100vw, 1024px\" \/><\/figure>\n\n\n\n<p>La Vara odierna \u00e8 alta circa 14 metri e pesante intorno alle 8 tonnellate, poggia su grandi scivoli metallici, su cui stanno le allegorie delle nuvole. Tutt&#8217;intorno una struttura a telaio dove si trovano decine di <em>timonieri<\/em> che hanno il compito di mantenere in asse o direzionare il mezzo in movimento.<\/p>\n\n\n\n<p>Il telaio presenta 12 lanterne astili, ripartite sulla parte anteriore e posteriore, tre per ogni semiasse, in memoria dei 12 <em>cilii<\/em> o ceri da 16 libbre ciascuno offerti dal Clero, dal Senato Peloritano e dalle Associazioni degli Artigiani.<\/p>\n\n\n\n<p>\u00c8 composta di quattro parti, di cui il secondo ordine presenta una parte fissa, costituita da calotte raffiguranti rispettivamente il\u00a0<em>Sole<\/em>\u00a0nella parte anteriore, la\u00a0<em>Luna<\/em>\u00a0nella parte opposta.\u00a0Le parti rotanti esagonali tengono sei angioletti. Sulla guglia raffigurazioni di putti, volute, stelle, pianeti e nuvole come rappresentazione dei cieli. Una sfera girevole permette la rotazione orizzontale dei sei angioletti. L&#8217;ultima piattaforma, che viene fatta girare in senso inverso al globo sottostante, si compone di quattro figure (le quattro intelligenze cardinali), con al centro la figura che rappresenta\u00a0<strong>Dio Padre,<\/strong> elemento che a sua volta sostiene nella mano destra l&#8217;<em>Alma Maria<\/em>\u00a0(l&#8217;anima della Madonna) che si eleva verso l&#8217;Empireo.<\/p>\n\n\n\n<figure class=\"wp-block-image size-large\"><img loading=\"lazy\" width=\"1024\" height=\"585\" src=\"http:\/\/www.messinaoggi.it\/website\/wp-content\/uploads\/2022\/08\/Vara-Messina-1024x585.jpg\" alt=\"\" class=\"wp-image-117982\" srcset=\"https:\/\/www.messinaoggi.it\/website\/wp-content\/uploads\/2022\/08\/Vara-Messina-1024x585.jpg 1024w, https:\/\/www.messinaoggi.it\/website\/wp-content\/uploads\/2022\/08\/Vara-Messina-300x171.jpg 300w, https:\/\/www.messinaoggi.it\/website\/wp-content\/uploads\/2022\/08\/Vara-Messina-768x439.jpg 768w, https:\/\/www.messinaoggi.it\/website\/wp-content\/uploads\/2022\/08\/Vara-Messina.jpg 1199w\" sizes=\"(max-width: 1024px) 100vw, 1024px\" \/><\/figure>\n\n\n\n<p>Mensole, incavi vari, alloggiamenti e imbragature ospitano manichini addobbati (un tempo bambini, fanciulli, ragazzi):\u00a0angeli, cherubini, putti e personaggi allegorici, che reggono ghirlande, corone, festoni e intrecci di fiori e fogliame.<\/p>\n\n\n\n<p>Sulla base della Vara \u00e8 collocata la <strong><em>Madonna Dormiente, <\/em><\/strong>immagine sacra custodita nel Monastero di Montevergine, che sar\u00e0 infine esposta straordinariamente all&#8217;interno della Cattedrale fino al 20 Agosto.<\/p>\n\n\n\n<p>A vigilare sul buon funzionamento degli astri rotanti alcuni addetti mentre un capotimoniere supportato da segnalatori visivi (bandiere sventolanti) e acustici (fischietti e campanelli), dirige e attende le operazioni dalla piattaforma.<\/p>\n\n\n\n<p>A tirare con le corde il carro votivo un migliaio di devoti <em>tiratori,<\/em> disposti in due file, a piedi scalzi e con la tipica divisa bianca, la cintola celeste e i fazzoletti e foulard, cordoncini intrecciati, e la bandana in testa.<\/p>\n\n\n\n<p>Questa la fase di preparazione della partenza: alle 17.30, a Piazza Castronovo sar\u00e0 recitato il Santo Rosario e in seguito, ai piedi della Vara il mezzosoprano Samantha Accetta canter\u00e0 l\u2019Ave Maria di Schubert; alle 18.15 il tradizionale momento della benedizione delle corde;  alle 18.30, il momento atteso della partenza della Vara da piazza Castronovo, salutato da spari di batteria e dal lancio di cartoncini colorati, al tipico grido di <em>&#8220;Viva Maria&#8221;<\/em>, con le invocazioni del cappellano. A questo proposito \u00e8 giusto ricordare lo storico cappellano Padre <strong>Vincenzo D&#8217;Arrigo,<\/strong> scomparso di recente, da sempre anima di questa festa.<\/p>\n\n\n\n<figure class=\"wp-block-image size-large\"><img loading=\"lazy\" width=\"1000\" height=\"563\" src=\"http:\/\/www.messinaoggi.it\/website\/wp-content\/uploads\/2023\/05\/Vincenzo-DArrigo.jpg\" alt=\"\" class=\"wp-image-154293\" srcset=\"https:\/\/www.messinaoggi.it\/website\/wp-content\/uploads\/2023\/05\/Vincenzo-DArrigo.jpg 1000w, https:\/\/www.messinaoggi.it\/website\/wp-content\/uploads\/2023\/05\/Vincenzo-DArrigo-300x169.jpg 300w, https:\/\/www.messinaoggi.it\/website\/wp-content\/uploads\/2023\/05\/Vincenzo-DArrigo-768x432.jpg 768w\" sizes=\"(max-width: 1000px) 100vw, 1000px\" \/><figcaption><strong>Padre<\/strong> <strong>Vincenzo D&#8217;Arrigo<\/strong><\/figcaption><\/figure>\n\n\n\n<p>Lungo il percorso della Processione saranno eseguiti lo sparo di &#8220;salve a giorno&#8221; al momento della fermata della <em>machina votiva<\/em> davanti alla Prefettura, a piazza Unione Europea ed a piazza Duomo.<\/p>\n\n\n\n<p>Suggestivo il passaggio davanti al Municipio, dove sono collocati anche i due Giganti <strong><em>Mata e Grifone, <\/em><\/strong>i leggendari fondatori della citt\u00e0 di Messina.<\/p>\n\n\n\n<p>Da ricordare tra i momenti pi\u00f9 emozionanti e seguiti la cos\u00ec detta <em>&#8220;girata&#8221;,<\/em> il momento in cui la Vara da Via Garibaldi si immette in Via Primo Settembre, prima di giungere a Piazza Duomo. La corretta manovra, in questo caso, \u00e8 considerata di buon auspicio per l&#8217;anno a venire. Si tratta di uno dei tratti pi\u00f9 complicati da eseguire in quanto si verifica il dispiegamento e riposizionamento dei due canapi e dei tiratori.<\/p>\n\n\n\n<figure class=\"wp-block-image size-large\"><img loading=\"lazy\" width=\"689\" height=\"1024\" src=\"http:\/\/www.messinaoggi.it\/website\/wp-content\/uploads\/2022\/06\/francobollo-vara-689x1024.jpg\" alt=\"\" class=\"wp-image-112523\" srcset=\"https:\/\/www.messinaoggi.it\/website\/wp-content\/uploads\/2022\/06\/francobollo-vara-689x1024.jpg 689w, https:\/\/www.messinaoggi.it\/website\/wp-content\/uploads\/2022\/06\/francobollo-vara-202x300.jpg 202w, https:\/\/www.messinaoggi.it\/website\/wp-content\/uploads\/2022\/06\/francobollo-vara-768x1142.jpg 768w, https:\/\/www.messinaoggi.it\/website\/wp-content\/uploads\/2022\/06\/francobollo-vara-1033x1536.jpg 1033w, https:\/\/www.messinaoggi.it\/website\/wp-content\/uploads\/2022\/06\/francobollo-vara.jpg 1035w\" sizes=\"(max-width: 689px) 100vw, 689px\" \/><\/figure>\n\n\n\n<p>Infine la Vara incede lentamente per posizionarsi davanti all&#8217;ingresso della Cattedrale per i riti conclusivi e il taglio dei canapi, con il saluto e la benedizione dell&#8217;Arcivescovo Accolla, il quale terr\u00e0 la Celebrazione Eucaristica in Cattedrale. Il momento pi\u00f9 entusiasmante ed emozionante del percorso dopo la partenza. <\/p>\n\n\n\n<p>Alle 23, il momento conclusivo con l\u2019attesa esecuzione di giochi d&#8217;artificio dalla Madonnina del Porto, a cura della ditta &#8220;Pirolandia&#8221; ed offerti dal Gruppo Caronte&amp;Tourist.<\/p>\n\n\n\n<p><strong>Michele Bruno.<\/strong><\/p>\n","protected":false},"excerpt":{"rendered":"<p>La Vara di Messina \u00e8 il momento pi\u00f9 atteso dell&#8217;anno per molti devoti ed \u00e8 uno dei simboli o forse il simbolo pi\u00f9 importante dell&#8217;identit\u00e0 messinese. Molto di pi\u00f9 di una semplice cerimonia religiosa. Rappresenta l&#8217;ascensione della Madonna Assunta in cielo. \u00c8 composta di un grande carro votivo molto composito, probabilmente inventato attorno agli anni [&hellip;]<\/p>\n","protected":false},"author":123457,"featured_media":119996,"comment_status":"open","ping_status":"open","sticky":false,"template":"","format":"standard","meta":{"ub_ctt_via":"","_mi_skip_tracking":false},"categories":[19],"tags":[4941,8515,8508],"featured_image_src":"https:\/\/www.messinaoggi.it\/website\/wp-content\/uploads\/2022\/09\/Vara.jpeg","author_info":{"display_name":"Michele Bruno","author_link":"https:\/\/www.messinaoggi.it\/website\/author\/michele-bruno\/"},"digistream_id":0,"digistream":false,"_links":{"self":[{"href":"https:\/\/www.messinaoggi.it\/website\/wp-json\/wp\/v2\/posts\/166203"}],"collection":[{"href":"https:\/\/www.messinaoggi.it\/website\/wp-json\/wp\/v2\/posts"}],"about":[{"href":"https:\/\/www.messinaoggi.it\/website\/wp-json\/wp\/v2\/types\/post"}],"author":[{"embeddable":true,"href":"https:\/\/www.messinaoggi.it\/website\/wp-json\/wp\/v2\/users\/123457"}],"replies":[{"embeddable":true,"href":"https:\/\/www.messinaoggi.it\/website\/wp-json\/wp\/v2\/comments?post=166203"}],"version-history":[{"count":9,"href":"https:\/\/www.messinaoggi.it\/website\/wp-json\/wp\/v2\/posts\/166203\/revisions"}],"predecessor-version":[{"id":166215,"href":"https:\/\/www.messinaoggi.it\/website\/wp-json\/wp\/v2\/posts\/166203\/revisions\/166215"}],"wp:featuredmedia":[{"embeddable":true,"href":"https:\/\/www.messinaoggi.it\/website\/wp-json\/wp\/v2\/media\/119996"}],"wp:attachment":[{"href":"https:\/\/www.messinaoggi.it\/website\/wp-json\/wp\/v2\/media?parent=166203"}],"wp:term":[{"taxonomy":"category","embeddable":true,"href":"https:\/\/www.messinaoggi.it\/website\/wp-json\/wp\/v2\/categories?post=166203"},{"taxonomy":"post_tag","embeddable":true,"href":"https:\/\/www.messinaoggi.it\/website\/wp-json\/wp\/v2\/tags?post=166203"}],"curies":[{"name":"wp","href":"https:\/\/api.w.org\/{rel}","templated":true}]}}