{"id":16597,"date":"2018-03-08T17:11:14","date_gmt":"2018-03-08T16:11:14","guid":{"rendered":"http:\/\/www.messinaoggi.it\/website\/?p=16597"},"modified":"2018-03-08T17:11:14","modified_gmt":"2018-03-08T16:11:14","slug":"variante-di-salvaguardia-capitale-messina-e-incompatibiole-con-la-citta","status":"publish","type":"post","link":"https:\/\/www.messinaoggi.it\/website\/2018\/03\/08\/variante-di-salvaguardia-capitale-messina-e-incompatibiole-con-la-citta\/","title":{"rendered":"Variante di Salvaguardia, Capitale Messina: &quot;E&#039; incompatibile con la citt\u00e0&quot;"},"content":{"rendered":"<p>Domani si riunir\u00e0 la conferenza dei capigruppo del Consiglio comunale di Messina, per dirimere il problema della possibile incompatibilit\u00e0 dei consiglieri in relazione alla votazione sulla Variante di salvaguardia. Capitale Messina per\u00f2 sottolinea: &#8220;Ci sembra per\u00f2 che in realt\u00e0 il tema, dal punto di vista politico prima che tecnico, sia un altro: \u00e8 piuttosto la Variante ad essere incompatibile con la citt\u00e0. Perch\u00e9 questo controverso strumento urbanistico in questi anni non ha raccolto altro che scarsi consensi e molti dissensi, suscitando la schiacciante contrariet\u00e0 dell\u2019opinione pubblica cittadina, tecnica e non, rappresentata da Ordini professionali, Sindacati, categorie produttive, forze sociali e politiche. Tutta la citt\u00e0 si \u00e8 espressa contro la Variante, e poco importa che da oltrestretto arrivi qualche parere favorevole: sulle scelte che condizionano i destini del nostro territorio, le posizioni nate in citt\u00e0 devono avere un peso specifico superiore&#8221;.<div id=\"div-gpt-ad-Messinaoggi.it-DSK-300x250-corpoart\" style=\"text-align:center;margin:0 auto;\"><\/div><\/p>\n<p style=\"text-align: justify;\">Il presidente Gianfranco Salmeri aggiunge: &#8220;Ultima, ma non per importanza visti i risultati di domenica, la dichiarazione del Movimento 5 Stelle cittadino che con Francesco D\u2019Uva boccia inesorabilmente la Variante chiedendone il ritiro, e puntando il asparenza \u00e8 inaccettabile e non \u00e8 giustificata da alcuna norma. Nessuna delle leggi regionali o nazionali &#8211; le leggi regionali 78 del 1971, 22 dito contro l\u2019ingiustificata secretazione degli atti.Posizione che condividiamo e che sosteniamo da anni, perch\u00e9 la mancanza\u00a0 di trdel 2008, ed 11 del 2015, il Dlgs 33 del 2013, le Circolari dell\u2019Assessorato del Territorio del 19 maggio 2015 e del 19 gennaio 2018 &#8211;\u00a0 prescrive la secretazione degli atti. Al massimo si invita alla riservatezza, che \u00e8 altra cosa. E non convincono neanche le dichiarazione di De Cola, secondo il quale con la Variante si blocca la costruzione di novemila case sulle colline. \u00c8 pura propaganda, perch\u00e9 quelle aree sono gi\u00e0 tutelate da altri strumenti. A questo punto il ritiro della Variante ci sembra l\u2019unico atto di responsabilit\u00e0 da parte dell\u2019Amministrazione, salvo che non si voglia arrivare ad un braccio di ferro da strumentalizzare a fini elettorali. Ma crediamo che i consiglieri comunali non potranno che sintonizzarsi con l\u2019opinione pubblica cittadina, e bocceranno comunque la Variante. Dovr\u00e0 essere compito della prossima amministrazione aprire un confronto ampio e trasparente per pianificare il futuro urbanistico della citt\u00e0&#8221;.<div id=\"videoincontent\" style=\"clear:both\";><\/div><\/p>\n<p> <\/p>\n","protected":false},"excerpt":{"rendered":"<p>Domani si riunir\u00e0 la conferenza dei capigruppo del Consiglio comunale di Messina, per dirimere il problema della possibile incompatibilit\u00e0 dei consiglieri in relazione alla votazione sulla Variante di salvaguardia. Capitale Messina per\u00f2 sottolinea: &#8220;Ci sembra per\u00f2 che in realt\u00e0 il tema, dal punto di vista politico prima che tecnico, sia un altro: \u00e8 piuttosto la [&hellip;]<\/p>\n","protected":false},"author":2,"featured_media":6032,"comment_status":"closed","ping_status":"open","sticky":false,"template":"","format":"standard","meta":{"ub_ctt_via":"","_mi_skip_tracking":false},"categories":[6],"tags":[],"featured_image_src":"https:\/\/www.messinaoggi.it\/website\/wp-content\/uploads\/2017\/08\/CapitaleMessina-2.jpg","author_info":{"display_name":"Redazione","author_link":"https:\/\/www.messinaoggi.it\/website\/author\/redazione\/"},"digistream_id":0,"digistream":false,"_links":{"self":[{"href":"https:\/\/www.messinaoggi.it\/website\/wp-json\/wp\/v2\/posts\/16597"}],"collection":[{"href":"https:\/\/www.messinaoggi.it\/website\/wp-json\/wp\/v2\/posts"}],"about":[{"href":"https:\/\/www.messinaoggi.it\/website\/wp-json\/wp\/v2\/types\/post"}],"author":[{"embeddable":true,"href":"https:\/\/www.messinaoggi.it\/website\/wp-json\/wp\/v2\/users\/2"}],"replies":[{"embeddable":true,"href":"https:\/\/www.messinaoggi.it\/website\/wp-json\/wp\/v2\/comments?post=16597"}],"version-history":[{"count":0,"href":"https:\/\/www.messinaoggi.it\/website\/wp-json\/wp\/v2\/posts\/16597\/revisions"}],"wp:featuredmedia":[{"embeddable":true,"href":"https:\/\/www.messinaoggi.it\/website\/wp-json\/wp\/v2\/media\/6032"}],"wp:attachment":[{"href":"https:\/\/www.messinaoggi.it\/website\/wp-json\/wp\/v2\/media?parent=16597"}],"wp:term":[{"taxonomy":"category","embeddable":true,"href":"https:\/\/www.messinaoggi.it\/website\/wp-json\/wp\/v2\/categories?post=16597"},{"taxonomy":"post_tag","embeddable":true,"href":"https:\/\/www.messinaoggi.it\/website\/wp-json\/wp\/v2\/tags?post=16597"}],"curies":[{"name":"wp","href":"https:\/\/api.w.org\/{rel}","templated":true}]}}