{"id":16594,"date":"2018-03-08T16:25:11","date_gmt":"2018-03-08T15:25:11","guid":{"rendered":"http:\/\/www.messinaoggi.it\/website\/?p=16594"},"modified":"2018-03-08T16:25:11","modified_gmt":"2018-03-08T15:25:11","slug":"lorenzo-crespi-scende-in-politica-guidero-forza-nuova","status":"publish","type":"post","link":"https:\/\/www.messinaoggi.it\/website\/2018\/03\/08\/lorenzo-crespi-scende-in-politica-guidero-forza-nuova\/","title":{"rendered":"Lorenzo Crespi scende in politica: &quot;Guider\u00f2 Forza Nuova&quot;"},"content":{"rendered":"<p>Lorenzo Crespi entra in politica. L\u2019attore messinese, famoso per alcune fiction e apparizioni nei programmi condotti e diretti da Barbara D\u2019Urso, ha annunciato la propria discesa in campo, infatti sar\u00e0 il nuovo segretario cittadino di Forza Nuova. Ad annunciarlo \u00e8 lui stesso attraverso il proprio profilo tweetter: <em>\u201cAl 99% entro a far parte di un partito, il segretario generale nazionale aprir\u00e0 una nuova sede a Messina che affider\u00e0 a me\u201d.<\/em><br \/>\nCrespi, dopo una vita complicata, sta vivendo una fase molto complicata della propria esistenza, ha annunciato che sta lottando contro una malattia e che lo sta facendo in situazioni economiche di assoluta indigenza:\u00a0 <em>\u201cTesta congelata corpo quasi paralizzato dalle\u00a0nottate totali all\u2019addiaccio..\u00a0L\u2019unico essere umano che \u00e8 intervenuto e che sta cercando di aiutarmi in tutti modi anche a farmi tornare a casa.. Perch\u00e9 io non posso farlo mi hanno tolto tutto, vi sembrer\u00e0 strano\u2026ma si chiama\u00a0Roberto Fiore (il segretario nazionale di Forza Nuova)\u201d<\/em>.<br \/>\nPoi un feroce attacco a quel modo dello spettacolo che \u00e8 sempre stato casa sua: <em>\u201cTutto il male che mi hanno fatto non ha uguali nella storia dello spettacolo. Mi hanno augurato la morte, mi vogliono morto, non vogliono che io apra bocca per dire la verit\u00e0, per urlare a un magistrato tutto quello che hanno fatto. Hanno paura\u201d<\/em>. \u00a0E ancora, in un post sul tracollo elettorale del Pd: \u00a0\u201c<em>Tanto tempo fa lo avevo gi\u00e0 scritto. Ma essendo un abbandonato, emarginato, con la vita distrutta e spappolata da alcuni estremisti comunisti in Rai che hanno deciso la mia fine complottando e cercando di distruggere ogni cosa della mia vita. Nessuno legge o ascolta\u201d. <\/em><div id=\"div-gpt-ad-Messinaoggi.it-DSK-300x250-corpoart\" style=\"text-align:center;margin:0 auto;\"><\/div><\/p>\n<div id=\"videoincontent\" style=\"clear:both\";><\/div>","protected":false},"excerpt":{"rendered":"<p>Lorenzo Crespi entra in politica. L\u2019attore messinese, famoso per alcune fiction e apparizioni nei programmi condotti e diretti da Barbara D\u2019Urso, ha annunciato la propria discesa in campo, infatti sar\u00e0 il nuovo segretario cittadino di Forza Nuova. Ad annunciarlo \u00e8 lui stesso attraverso il proprio profilo tweetter: \u201cAl 99% entro a far parte di un [&hellip;]<\/p>\n","protected":false},"author":2,"featured_media":16595,"comment_status":"closed","ping_status":"open","sticky":false,"template":"","format":"standard","meta":{"ub_ctt_via":"","_mi_skip_tracking":false},"categories":[4],"tags":[],"featured_image_src":"https:\/\/www.messinaoggi.it\/website\/wp-content\/uploads\/2018\/03\/crespi-1.png","author_info":{"display_name":"Redazione","author_link":"https:\/\/www.messinaoggi.it\/website\/author\/redazione\/"},"digistream_id":0,"digistream":false,"_links":{"self":[{"href":"https:\/\/www.messinaoggi.it\/website\/wp-json\/wp\/v2\/posts\/16594"}],"collection":[{"href":"https:\/\/www.messinaoggi.it\/website\/wp-json\/wp\/v2\/posts"}],"about":[{"href":"https:\/\/www.messinaoggi.it\/website\/wp-json\/wp\/v2\/types\/post"}],"author":[{"embeddable":true,"href":"https:\/\/www.messinaoggi.it\/website\/wp-json\/wp\/v2\/users\/2"}],"replies":[{"embeddable":true,"href":"https:\/\/www.messinaoggi.it\/website\/wp-json\/wp\/v2\/comments?post=16594"}],"version-history":[{"count":0,"href":"https:\/\/www.messinaoggi.it\/website\/wp-json\/wp\/v2\/posts\/16594\/revisions"}],"wp:featuredmedia":[{"embeddable":true,"href":"https:\/\/www.messinaoggi.it\/website\/wp-json\/wp\/v2\/media\/16595"}],"wp:attachment":[{"href":"https:\/\/www.messinaoggi.it\/website\/wp-json\/wp\/v2\/media?parent=16594"}],"wp:term":[{"taxonomy":"category","embeddable":true,"href":"https:\/\/www.messinaoggi.it\/website\/wp-json\/wp\/v2\/categories?post=16594"},{"taxonomy":"post_tag","embeddable":true,"href":"https:\/\/www.messinaoggi.it\/website\/wp-json\/wp\/v2\/tags?post=16594"}],"curies":[{"name":"wp","href":"https:\/\/api.w.org\/{rel}","templated":true}]}}