{"id":16592,"date":"2018-03-09T07:45:12","date_gmt":"2018-03-09T06:45:12","guid":{"rendered":"http:\/\/www.messinaoggi.it\/website\/?p=16592"},"modified":"2018-03-09T07:45:12","modified_gmt":"2018-03-09T06:45:12","slug":"ponte-gallo-biancuzzo-denuncia-la-pericolosita-della-bretella-a20","status":"publish","type":"post","link":"https:\/\/www.messinaoggi.it\/website\/2018\/03\/09\/ponte-gallo-biancuzzo-denuncia-la-pericolosita-della-bretella-a20\/","title":{"rendered":"Ponte Gallo, Biancuzzo denuncia la pericolosit\u00e0 della bretella A20"},"content":{"rendered":"<div data-canvas-width=\"275.8650666666667\">Peggiora sempre pi\u00f9 lo stato della bretella che immette all&#8217;A20 in localit\u00e0 Ponte Gallo. A denunciarlo \u00e8 Mario Biancuzzo, che si rivolge alla stampa e naturalmente agli organi competenti. &#8220;Come segnalato il 21 maggio 2016 e sollecitato il 5 giugno 2017 ho accertato che la strada\u00a0si presenta deformata in molti tratti, con crepe ed avvallamenti.<\/div>\n<div data-canvas-width=\"275.8650666666667\"><\/div>\n<div data-canvas-width=\"275.8650666666667\">Chiedo, senza creare allarmismo, interventi mirati ad eliminare quanto sopra richiesto al fine di garantire i mezzi in transito, visto che la bretella che serve per raggiungere Messina \u00e8 percorsa ogni giorno da centinaia di auto e bus di pendolari, studenti e lavoratori&#8221;.<\/div>\n<div id=\"div-gpt-ad-Messinaoggi.it-DSK-300x250-corpoart\" style=\"text-align:center;margin:0 auto;\"><\/div><\/p><div id=\"videoincontent\" style=\"clear:both\";><\/div>","protected":false},"excerpt":{"rendered":"<p>Peggiora sempre pi\u00f9 lo stato della bretella che immette all&#8217;A20 in localit\u00e0 Ponte Gallo. A denunciarlo \u00e8 Mario Biancuzzo, che si rivolge alla stampa e naturalmente agli organi competenti. &#8220;Come segnalato il 21 maggio 2016 e sollecitato il 5 giugno 2017 ho accertato che la strada\u00a0si presenta deformata in molti tratti, con crepe ed avvallamenti. [&hellip;]<\/p>\n","protected":false},"author":2,"featured_media":16593,"comment_status":"closed","ping_status":"open","sticky":false,"template":"","format":"standard","meta":{"ub_ctt_via":"","_mi_skip_tracking":false},"categories":[5],"tags":[],"featured_image_src":"https:\/\/www.messinaoggi.it\/website\/wp-content\/uploads\/2018\/03\/Strada-collegamento-con-tangenziale-direzione-Messina-001-1-1.jpg","author_info":{"display_name":"Redazione","author_link":"https:\/\/www.messinaoggi.it\/website\/author\/redazione\/"},"digistream_id":0,"digistream":false,"_links":{"self":[{"href":"https:\/\/www.messinaoggi.it\/website\/wp-json\/wp\/v2\/posts\/16592"}],"collection":[{"href":"https:\/\/www.messinaoggi.it\/website\/wp-json\/wp\/v2\/posts"}],"about":[{"href":"https:\/\/www.messinaoggi.it\/website\/wp-json\/wp\/v2\/types\/post"}],"author":[{"embeddable":true,"href":"https:\/\/www.messinaoggi.it\/website\/wp-json\/wp\/v2\/users\/2"}],"replies":[{"embeddable":true,"href":"https:\/\/www.messinaoggi.it\/website\/wp-json\/wp\/v2\/comments?post=16592"}],"version-history":[{"count":0,"href":"https:\/\/www.messinaoggi.it\/website\/wp-json\/wp\/v2\/posts\/16592\/revisions"}],"wp:featuredmedia":[{"embeddable":true,"href":"https:\/\/www.messinaoggi.it\/website\/wp-json\/wp\/v2\/media\/16593"}],"wp:attachment":[{"href":"https:\/\/www.messinaoggi.it\/website\/wp-json\/wp\/v2\/media?parent=16592"}],"wp:term":[{"taxonomy":"category","embeddable":true,"href":"https:\/\/www.messinaoggi.it\/website\/wp-json\/wp\/v2\/categories?post=16592"},{"taxonomy":"post_tag","embeddable":true,"href":"https:\/\/www.messinaoggi.it\/website\/wp-json\/wp\/v2\/tags?post=16592"}],"curies":[{"name":"wp","href":"https:\/\/api.w.org\/{rel}","templated":true}]}}