{"id":16582,"date":"2018-03-08T13:15:02","date_gmt":"2018-03-08T12:15:02","guid":{"rendered":"http:\/\/www.messinaoggi.it\/website\/?p=16582"},"modified":"2018-03-08T13:15:02","modified_gmt":"2018-03-08T12:15:02","slug":"verso-le-amministrative-per-il-pd-martedi-giorno-della-verita","status":"publish","type":"post","link":"https:\/\/www.messinaoggi.it\/website\/2018\/03\/08\/verso-le-amministrative-per-il-pd-martedi-giorno-della-verita\/","title":{"rendered":"Verso le amministrative, per il Pd marted\u00ec giorno della verit\u00e0?"},"content":{"rendered":"<p style=\"text-align: justify\">A Messina, come in tutta Italia, il giudizio delle urne per il Pd e per tutto il centrosinistra \u00e8 stato davvero impietoso. Adesso \u00e8 il momento della resa dei conti, soprattutto in casa Pd, dove ci si interroga sull\u2019effettiva incidenza dell\u2019area accademica.<div id=\"div-gpt-ad-Messinaoggi.it-DSK-300x250-corpoart\" style=\"text-align:center;margin:0 auto;\"><\/div><\/p>\n<p style=\"text-align: justify\">Da una parte, c\u2019\u00e8 un gruppo storico del partito che reclama maggior partecipazione soprattutto in vista delle prossime amministrative, puntando il dito contro il nuovo corso che non starebbe portando i risultati auspicati. Dall\u2019altra parte il gruppo guidato da Pietro Navarra difende quanto fatto, ricordando come senza il loro apporto il partito sarebbe andato incontro ad un\u2019autentica catastrofe.<div id=\"videoincontent\" style=\"clear:both\";><\/div><\/p>\n<p style=\"text-align: justify\">Sotto il profilo della rappresentanza l\u2019area accademica pu\u00f2 contare sulla presenza di Franco De Domenico all\u2019Ars e di Pietro Navarra alla Camera dei Deputati, fattori che in un ipotetico braccio di ferro interno non possono passare in secondo piano, anche l\u2019addio di Renzi ha provocato parecchi orfani.<\/p>\n<p style=\"text-align: justify\">Presto o tardi i dovr\u00e0 iniziare a parlare delle elezioni amministrative ed in questo senso, la prima importante risposta pu\u00f2 venire dalla riunione di he ci sar\u00e0 marted\u00ec prossimo. L\u00ec le varie anime inizieranno a mettere sul banco i nomi su cui puntare per ritornare a dare un segnale dopo la debacle di domenica scorsa. In questo senso un nome spendibile potrebbe essere quello di Antonio Saitta.<\/p>\n<p style=\"text-align: justify\">Ipotesi valida, che per\u00f2 potrebbe incontrare le resistenze di chi non vorrebbe un partito a forte trazione accademica. Sembra raffreddarsi l\u2019ipotesi Fabio D\u2019Amore, fresco di candidatura per il Senato all\u2019uninominale, esponente dell\u2019area Picciolo che per\u00f2 non vorrebbe imbattersi in una seconda avventura elettorale nel giro di pochi mesi.<\/p>\n<p style=\"text-align: justify\">Non \u00e8 da escludere che una minoranza possa chiedere un primo giudizio degli elettori attraverso le elezioni primarie aperte a tutti, ma al momento questo scenario sembra lontano.<\/p>\n","protected":false},"excerpt":{"rendered":"<p>A Messina, come in tutta Italia, il giudizio delle urne per il Pd e per tutto il centrosinistra \u00e8 stato davvero impietoso. Adesso \u00e8 il momento della resa dei conti, soprattutto in casa Pd, dove ci si interroga sull\u2019effettiva incidenza dell\u2019area accademica. Da una parte, c\u2019\u00e8 un gruppo storico del partito che reclama maggior partecipazione [&hellip;]<\/p>\n","protected":false},"author":14,"featured_media":15162,"comment_status":"closed","ping_status":"open","sticky":false,"template":"","format":"standard","meta":{"ub_ctt_via":"","_mi_skip_tracking":false},"categories":[6],"tags":[],"featured_image_src":"https:\/\/www.messinaoggi.it\/website\/wp-content\/uploads\/2018\/02\/pd-RRP_2106-1.jpg","author_info":{"display_name":"Antonio Macauda","author_link":"https:\/\/www.messinaoggi.it\/website\/author\/a-macauda\/"},"digistream_id":0,"digistream":false,"_links":{"self":[{"href":"https:\/\/www.messinaoggi.it\/website\/wp-json\/wp\/v2\/posts\/16582"}],"collection":[{"href":"https:\/\/www.messinaoggi.it\/website\/wp-json\/wp\/v2\/posts"}],"about":[{"href":"https:\/\/www.messinaoggi.it\/website\/wp-json\/wp\/v2\/types\/post"}],"author":[{"embeddable":true,"href":"https:\/\/www.messinaoggi.it\/website\/wp-json\/wp\/v2\/users\/14"}],"replies":[{"embeddable":true,"href":"https:\/\/www.messinaoggi.it\/website\/wp-json\/wp\/v2\/comments?post=16582"}],"version-history":[{"count":0,"href":"https:\/\/www.messinaoggi.it\/website\/wp-json\/wp\/v2\/posts\/16582\/revisions"}],"wp:featuredmedia":[{"embeddable":true,"href":"https:\/\/www.messinaoggi.it\/website\/wp-json\/wp\/v2\/media\/15162"}],"wp:attachment":[{"href":"https:\/\/www.messinaoggi.it\/website\/wp-json\/wp\/v2\/media?parent=16582"}],"wp:term":[{"taxonomy":"category","embeddable":true,"href":"https:\/\/www.messinaoggi.it\/website\/wp-json\/wp\/v2\/categories?post=16582"},{"taxonomy":"post_tag","embeddable":true,"href":"https:\/\/www.messinaoggi.it\/website\/wp-json\/wp\/v2\/tags?post=16582"}],"curies":[{"name":"wp","href":"https:\/\/api.w.org\/{rel}","templated":true}]}}