{"id":165721,"date":"2023-08-09T11:08:00","date_gmt":"2023-08-09T09:08:00","guid":{"rendered":"https:\/\/www.messinaoggi.it\/website\/2023\/08\/09\/calderone-vera-ricetta-contro-la-poverta-e-il-lavoro\/"},"modified":"2023-08-09T11:08:00","modified_gmt":"2023-08-09T09:08:00","slug":"calderone-vera-ricetta-contro-la-poverta-e-il-lavoro","status":"publish","type":"post","link":"https:\/\/www.messinaoggi.it\/website\/2023\/08\/09\/calderone-vera-ricetta-contro-la-poverta-e-il-lavoro\/","title":{"rendered":"Calderone \u201cVera ricetta contro la povert\u00e0 \u00e8 il lavoro\u201d"},"content":{"rendered":"<div>ROMA (ITALPRESS) &#8211; &#8220;Per noi la vera ricetta contro la povert\u00e0 \u00e8 il lavoro, base su cui abbiamo costruito la riforma del reddito di cittadinanza&#8221;. Lo ha detto la ministra del Lavoro, Marina Calderone, ospite di &#8220;Agor\u00e0 estate&#8221; su Rai3. &#8220;Il reddito, cos\u00ec come era stato strutturato, non ha contribuito a trovare posti di lavoro. L&#8217;intervento ha sostenuto la lotta alla povert\u00e0 ma non ha accompagnato al lavoro. Leggo di 500 mila soggetti che perderanno il reddito: rispetto alla platea di soggetti occupabili, a inizio anno ne avevamo previsti 400 mila mentre con i dati aggiornati adesso i soggetti che usciranno dal circuito del reddito di cittadinanza sono circa 200 mila. I numeri parlano e ci dicono che c&#8217;\u00e8 un mercato del lavoro che sta dando risposte in termini di assunzioni. Sono diminuite le domande per il nuovo accesso allo strumento e non si \u00e8 lasciato indietro chi \u00e8 fragile. L&#8217;obiettivo principale di questo strumento \u00e8 un percorso di accompagnamento al lavoro&#8221; ha aggiunto il ministro.<br \/>\nQuanto al salario minimo, secondo Calderone &#8220;\u00e8 un tema che deve essere affrontato aprendo a un confronto e a un ragionamento complessivo L&#8217;importante non \u00e8 fissare un numero, ma fare in modo che oggi i salari in Italia siano adeguati e tengano conto di altri temi come l&#8217;aumento della produttivit\u00e0&#8221;.<br \/>\n(ITALPRESS).<br \/>\n&#8211; Foto: Agenzia Fotogramma &#8211;<\/div>\n<div id=\"div-gpt-ad-Messinaoggi.it-DSK-300x250-corpoart\" style=\"text-align:center;margin:0 auto;\"><\/div><\/p><div id=\"videoincontent\" style=\"clear:both\";><\/div>","protected":false},"excerpt":{"rendered":"<p>ROMA (ITALPRESS) &#8211; &#8220;Per noi la vera ricetta contro la povert\u00e0 \u00e8 il lavoro, base su cui abbiamo costruito la riforma del reddito di cittadinanza&#8221;. Lo ha detto la ministra del Lavoro, Marina Calderone, ospite di &#8220;Agor\u00e0 estate&#8221; su Rai3. &#8220;Il reddito, cos\u00ec come era stato strutturato, non ha contribuito a trovare posti di lavoro. [&hellip;]<\/p>\n","protected":false},"author":18,"featured_media":165722,"comment_status":"closed","ping_status":"closed","sticky":false,"template":"","format":"standard","meta":{"ub_ctt_via":"","_mi_skip_tracking":false},"categories":[446],"tags":[783],"featured_image_src":"https:\/\/www.messinaoggi.it\/website\/wp-content\/uploads\/2023\/08\/20230809_0160.jpg","author_info":{"display_name":"Admin","author_link":"https:\/\/www.messinaoggi.it\/website\/author\/admin\/"},"digistream_id":0,"digistream":false,"_links":{"self":[{"href":"https:\/\/www.messinaoggi.it\/website\/wp-json\/wp\/v2\/posts\/165721"}],"collection":[{"href":"https:\/\/www.messinaoggi.it\/website\/wp-json\/wp\/v2\/posts"}],"about":[{"href":"https:\/\/www.messinaoggi.it\/website\/wp-json\/wp\/v2\/types\/post"}],"author":[{"embeddable":true,"href":"https:\/\/www.messinaoggi.it\/website\/wp-json\/wp\/v2\/users\/18"}],"replies":[{"embeddable":true,"href":"https:\/\/www.messinaoggi.it\/website\/wp-json\/wp\/v2\/comments?post=165721"}],"version-history":[{"count":0,"href":"https:\/\/www.messinaoggi.it\/website\/wp-json\/wp\/v2\/posts\/165721\/revisions"}],"wp:featuredmedia":[{"embeddable":true,"href":"https:\/\/www.messinaoggi.it\/website\/wp-json\/wp\/v2\/media\/165722"}],"wp:attachment":[{"href":"https:\/\/www.messinaoggi.it\/website\/wp-json\/wp\/v2\/media?parent=165721"}],"wp:term":[{"taxonomy":"category","embeddable":true,"href":"https:\/\/www.messinaoggi.it\/website\/wp-json\/wp\/v2\/categories?post=165721"},{"taxonomy":"post_tag","embeddable":true,"href":"https:\/\/www.messinaoggi.it\/website\/wp-json\/wp\/v2\/tags?post=165721"}],"curies":[{"name":"wp","href":"https:\/\/api.w.org\/{rel}","templated":true}]}}