{"id":16563,"date":"2018-03-08T09:51:38","date_gmt":"2018-03-08T08:51:38","guid":{"rendered":"http:\/\/www.messinaoggi.it\/website\/?p=16563"},"modified":"2018-03-08T09:51:38","modified_gmt":"2018-03-08T08:51:38","slug":"parco-giovanni-colonna-di-cesaro-400mila-euro-per-il-restyling","status":"publish","type":"post","link":"https:\/\/www.messinaoggi.it\/website\/2018\/03\/08\/parco-giovanni-colonna-di-cesaro-400mila-euro-per-il-restyling\/","title":{"rendered":"Parco Giovanni Colonna di Cesar\u00f2: 400mila euro per il restyling"},"content":{"rendered":"<p>&#8220;Sono gi\u00e0 a disposizione quattrocento mila euro per interventi da effettuare al Parco &#8220;Giovanni Colonna di Cesar\u00f2&#8221;. Si cercher\u00e0 di trovare altri fondi tentando si non stravolgere il Bilancio&#8221;. Lo dice l&#8217;assessore comunale alle Finanze, Salvo Cilona, che sta predisponendo un piano finanziario che possa essere supportato dai conti. Realisticamente parlando, si vuole fare in modo che almeno altri centomila euro siano raschiati dal Bilancio per destinarli alla riqualificazione del &#8220;polmone verde&#8221; cittadino.<br \/>\nCom&#8217;\u00e8 noto, dopo reiterate segnalazioni, le torrette in stile asiatico che ne rappresentano la caratteristica sono ormai a rischio crollo tanto che sono state transennate. In attesa di interventi da quasi mezzo milione di euro si chiede da pi\u00f9 parti anche un&#8217;accurata manutenzione &#8220;spicciola&#8221;.<br \/>\n<strong>Mauro Romano<\/strong><div id=\"div-gpt-ad-Messinaoggi.it-DSK-300x250-corpoart\" style=\"text-align:center;margin:0 auto;\"><\/div><\/p>\n<div id=\"videoincontent\" style=\"clear:both\";><\/div>","protected":false},"excerpt":{"rendered":"<p>&#8220;Sono gi\u00e0 a disposizione quattrocento mila euro per interventi da effettuare al Parco &#8220;Giovanni Colonna di Cesar\u00f2&#8221;. Si cercher\u00e0 di trovare altri fondi tentando si non stravolgere il Bilancio&#8221;. Lo dice l&#8217;assessore comunale alle Finanze, Salvo Cilona, che sta predisponendo un piano finanziario che possa essere supportato dai conti. Realisticamente parlando, si vuole fare in [&hellip;]<\/p>\n","protected":false},"author":2,"featured_media":2100,"comment_status":"closed","ping_status":"open","sticky":false,"template":"","format":"standard","meta":{"ub_ctt_via":"","_mi_skip_tracking":false},"categories":[3],"tags":[],"featured_image_src":"https:\/\/www.messinaoggi.it\/website\/wp-content\/uploads\/2017\/06\/comune-di-taormina-1-2.jpg","author_info":{"display_name":"Redazione","author_link":"https:\/\/www.messinaoggi.it\/website\/author\/redazione\/"},"digistream_id":0,"digistream":false,"_links":{"self":[{"href":"https:\/\/www.messinaoggi.it\/website\/wp-json\/wp\/v2\/posts\/16563"}],"collection":[{"href":"https:\/\/www.messinaoggi.it\/website\/wp-json\/wp\/v2\/posts"}],"about":[{"href":"https:\/\/www.messinaoggi.it\/website\/wp-json\/wp\/v2\/types\/post"}],"author":[{"embeddable":true,"href":"https:\/\/www.messinaoggi.it\/website\/wp-json\/wp\/v2\/users\/2"}],"replies":[{"embeddable":true,"href":"https:\/\/www.messinaoggi.it\/website\/wp-json\/wp\/v2\/comments?post=16563"}],"version-history":[{"count":0,"href":"https:\/\/www.messinaoggi.it\/website\/wp-json\/wp\/v2\/posts\/16563\/revisions"}],"wp:featuredmedia":[{"embeddable":true,"href":"https:\/\/www.messinaoggi.it\/website\/wp-json\/wp\/v2\/media\/2100"}],"wp:attachment":[{"href":"https:\/\/www.messinaoggi.it\/website\/wp-json\/wp\/v2\/media?parent=16563"}],"wp:term":[{"taxonomy":"category","embeddable":true,"href":"https:\/\/www.messinaoggi.it\/website\/wp-json\/wp\/v2\/categories?post=16563"},{"taxonomy":"post_tag","embeddable":true,"href":"https:\/\/www.messinaoggi.it\/website\/wp-json\/wp\/v2\/tags?post=16563"}],"curies":[{"name":"wp","href":"https:\/\/api.w.org\/{rel}","templated":true}]}}