{"id":16557,"date":"2018-03-08T09:14:39","date_gmt":"2018-03-08T08:14:39","guid":{"rendered":"http:\/\/www.messinaoggi.it\/website\/?p=16557"},"modified":"2018-03-08T09:14:39","modified_gmt":"2018-03-08T08:14:39","slug":"micciche-pronto-ad-espellere-i-traditori-di-forza-italia","status":"publish","type":"post","link":"https:\/\/www.messinaoggi.it\/website\/2018\/03\/08\/micciche-pronto-ad-espellere-i-traditori-di-forza-italia\/","title":{"rendered":"Miccich\u00e9 pronto ad espellere i &quot;traditori&quot; di F.I."},"content":{"rendered":"<p>&#8220;Questi sono i risultati di Forza Italia in Sicilia: due anni fa non avevamo raggiunto il 5% in occasione delle amministrative, lo abbiamo raddoppiato alle Amministrative successive con oltre il 10% e abbiamo raggiunto il 16% alle Regionali &#8211; cosa a cui nessuno poteva credere &#8211; e infine conseguito il 21% col voto di domenica scorsa. Prima regione in tutta Italia e con oltre 90000 voti in pi\u00f9 rispetto alle ultime Europee. Se i nostri alleati avessero mantenuto i voti delle scor<span class=\"text_exposed_show\">se regionali, non avremmo perso neanche un collegio&#8221;. Esordisce cos\u00ec Gianfranco Miccich\u00e8, commissario regionale di Forza Italia, in un post su Fb.<\/span><br \/>\n<span class=\"text_exposed_show\">Il dopo-voto per alcuni parlamentari \u00e8 stato un po&#8217; indigesto. A guidare la schiera dei ribelli, il parlamentare barcellonese Tommaso Calderone. Miccich\u00e9 fa un&#8217;analisi del voto e poi lancia l&#8217;affondo.<br \/>\n&#8220;Forza Italia ha bisogno di un profondo cambiamento e di nuove regole.\u00a0Per questo, la settimana prossima, convocher\u00f2 una riunione in cui ogni parlamentare potr\u00e0 dire la sua in assoluta libert\u00e0 all\u2019interno del partito.\u00a0Non posso per\u00f2 non sottolineare che l\u2019etica, il rispetto reciproco, la correttezza nei comportamenti, sono alla base dei rapporti umani, in ogni contesto sociale. Prima di ogni riflessioni politica, prima dell\u2019analisi del voto, prima di ogni considerazione elettorale, ritengo sia necessario chiarire che se tutti noi avessimo fatto il nostro dovere di votare il partito, il risultato sarebbe stato ancora migliore.\u00a0Non possono far parte di Forza Italia coloro che, per il solo fatto di non essere stati candidati, hanno platealmente votato e fatto votare il Movimento Cinque Stelle. Forza Italia non \u00e8 adatta a loro e loro non sono adatti a Forza Italia&#8221;.<\/span><div id=\"div-gpt-ad-Messinaoggi.it-DSK-300x250-corpoart\" style=\"text-align:center;margin:0 auto;\"><\/div><\/p>\n<div id=\"videoincontent\" style=\"clear:both\";><\/div>","protected":false},"excerpt":{"rendered":"<p>&#8220;Questi sono i risultati di Forza Italia in Sicilia: due anni fa non avevamo raggiunto il 5% in occasione delle amministrative, lo abbiamo raddoppiato alle Amministrative successive con oltre il 10% e abbiamo raggiunto il 16% alle Regionali &#8211; cosa a cui nessuno poteva credere &#8211; e infine conseguito il 21% col voto di domenica [&hellip;]<\/p>\n","protected":false},"author":2,"featured_media":8222,"comment_status":"closed","ping_status":"open","sticky":false,"template":"","format":"standard","meta":{"ub_ctt_via":"","_mi_skip_tracking":false},"categories":[4],"tags":[],"featured_image_src":"https:\/\/www.messinaoggi.it\/website\/wp-content\/uploads\/2017\/09\/L-genovese-palaculturaRRP_7480-2.jpg","author_info":{"display_name":"Redazione","author_link":"https:\/\/www.messinaoggi.it\/website\/author\/redazione\/"},"digistream_id":0,"digistream":false,"_links":{"self":[{"href":"https:\/\/www.messinaoggi.it\/website\/wp-json\/wp\/v2\/posts\/16557"}],"collection":[{"href":"https:\/\/www.messinaoggi.it\/website\/wp-json\/wp\/v2\/posts"}],"about":[{"href":"https:\/\/www.messinaoggi.it\/website\/wp-json\/wp\/v2\/types\/post"}],"author":[{"embeddable":true,"href":"https:\/\/www.messinaoggi.it\/website\/wp-json\/wp\/v2\/users\/2"}],"replies":[{"embeddable":true,"href":"https:\/\/www.messinaoggi.it\/website\/wp-json\/wp\/v2\/comments?post=16557"}],"version-history":[{"count":0,"href":"https:\/\/www.messinaoggi.it\/website\/wp-json\/wp\/v2\/posts\/16557\/revisions"}],"wp:featuredmedia":[{"embeddable":true,"href":"https:\/\/www.messinaoggi.it\/website\/wp-json\/wp\/v2\/media\/8222"}],"wp:attachment":[{"href":"https:\/\/www.messinaoggi.it\/website\/wp-json\/wp\/v2\/media?parent=16557"}],"wp:term":[{"taxonomy":"category","embeddable":true,"href":"https:\/\/www.messinaoggi.it\/website\/wp-json\/wp\/v2\/categories?post=16557"},{"taxonomy":"post_tag","embeddable":true,"href":"https:\/\/www.messinaoggi.it\/website\/wp-json\/wp\/v2\/tags?post=16557"}],"curies":[{"name":"wp","href":"https:\/\/api.w.org\/{rel}","templated":true}]}}