{"id":165568,"date":"2023-08-07T20:07:53","date_gmt":"2023-08-07T18:07:53","guid":{"rendered":"https:\/\/www.messinaoggi.it\/website\/2023\/08\/07\/nuova-era-per-sport-e-salute-mezzaroma-missione-chiara\/"},"modified":"2023-08-07T20:07:53","modified_gmt":"2023-08-07T18:07:53","slug":"nuova-era-per-sport-e-salute-mezzaroma-missione-chiara","status":"publish","type":"post","link":"https:\/\/www.messinaoggi.it\/website\/2023\/08\/07\/nuova-era-per-sport-e-salute-mezzaroma-missione-chiara\/","title":{"rendered":"Nuova era per Sport e Salute, Mezzaroma \u201cMissione chiara\u201d"},"content":{"rendered":"<div>ROMA (ITALPRESS) &#8211; E&#8217; iniziata ufficialmente la nuova era di Sport e Salute guidata dal presidente Marco Mezzarona e dall&#8217;amministratore delegato Diego Nepi Molineris. A Palazzo H, a Roma, \u00e8 andato in scena il primo Cda di Sport e Salute al quale erano presenti i due vertici, il ministro per lo sport e i giovani, Andrea Abodi, il collegio sindacale e i rappresentanti della Corte dei Conti oltre agli altri rappresentanti del Cda. Un incontro nel quale sono stati &#8220;affrontati temi prettamente organizzativi. Il ministro Abodi ci ha onorato della sua presenza per un saluto e gliene siamo grati. Abbiamo ben chiara la nostra missione e siamo rispettosi di tutti i parametri e di tutte le competenze&#8221;, le parole di Marco Mezzaroma a margine della riunione durata circa mezz&#8217;ora. L&#8217;occasione, quindi, per prendere confidenza con la nuova realt\u00e0 e iniziare a delineare gli obiettivi futuri da raggiungere nei prossimi mesi. Con l&#8217;insediamento del Cda, inoltre, far\u00e0 il suo percorso anche l&#8217;atto di indirizzo della stessa Sport e Salute che, come sottolineato da Abodi, far\u00e0 &#8220;il suo percorso formale. Questo stabilir\u00e0 le linee strategiche della societ\u00e0, che avranno tre pilastri fondamentali come il sociale nella sua dimensione pi\u00f9 profonda, l&#8217;interesse quotidiano nei luoghi dove c&#8217;\u00e8 maggiormente bisogno &#8211; come le periferie urbane e sociali &#8211; e infine, il rapporto tra sport e scuola e universit\u00e0 cos\u00ec come il rapporto tra sport e salute. Ma non solo perch\u00e8 il documento stabilir\u00e0 &#8220;non solo ci\u00f2 che far\u00e0 Sport e Salute, ma anche i ruoli all&#8217;interno del sistema sportivo. Credo che il principio della complementariet\u00e0 funzionale-organizzativa servir\u00e0 a comprendere le competenze e le funzioni attribuite agli organismi di primo livello: Coni, Cip e Sport e Salute. Sono attivit\u00e0 diverse, distinte, possibilmente integrate. Questo \u00e8 un viatico necessario per lavorare in modo produttivo e proficuo, pi\u00f9 che in passato&#8221;, conclude Abodi.<br \/>&#8211; Foto Ufficio Stampa Sport e Salute &#8211;<br \/>(ITALPRESS).<\/div>\n<div id=\"div-gpt-ad-Messinaoggi.it-DSK-300x250-corpoart\" style=\"text-align:center;margin:0 auto;\"><\/div><\/p><div id=\"videoincontent\" style=\"clear:both\";><\/div>","protected":false},"excerpt":{"rendered":"<p>ROMA (ITALPRESS) &#8211; E&#8217; iniziata ufficialmente la nuova era di Sport e Salute guidata dal presidente Marco Mezzarona e dall&#8217;amministratore delegato Diego Nepi Molineris. A Palazzo H, a Roma, \u00e8 andato in scena il primo Cda di Sport e Salute al quale erano presenti i due vertici, il ministro per lo sport e i giovani, [&hellip;]<\/p>\n","protected":false},"author":18,"featured_media":165569,"comment_status":"closed","ping_status":"closed","sticky":false,"template":"","format":"standard","meta":{"ub_ctt_via":"","_mi_skip_tracking":false},"categories":[446],"tags":[783],"featured_image_src":"https:\/\/www.messinaoggi.it\/website\/wp-content\/uploads\/2023\/08\/20230807_1404.jpg","author_info":{"display_name":"Admin","author_link":"https:\/\/www.messinaoggi.it\/website\/author\/admin\/"},"digistream_id":0,"digistream":false,"_links":{"self":[{"href":"https:\/\/www.messinaoggi.it\/website\/wp-json\/wp\/v2\/posts\/165568"}],"collection":[{"href":"https:\/\/www.messinaoggi.it\/website\/wp-json\/wp\/v2\/posts"}],"about":[{"href":"https:\/\/www.messinaoggi.it\/website\/wp-json\/wp\/v2\/types\/post"}],"author":[{"embeddable":true,"href":"https:\/\/www.messinaoggi.it\/website\/wp-json\/wp\/v2\/users\/18"}],"replies":[{"embeddable":true,"href":"https:\/\/www.messinaoggi.it\/website\/wp-json\/wp\/v2\/comments?post=165568"}],"version-history":[{"count":0,"href":"https:\/\/www.messinaoggi.it\/website\/wp-json\/wp\/v2\/posts\/165568\/revisions"}],"wp:featuredmedia":[{"embeddable":true,"href":"https:\/\/www.messinaoggi.it\/website\/wp-json\/wp\/v2\/media\/165569"}],"wp:attachment":[{"href":"https:\/\/www.messinaoggi.it\/website\/wp-json\/wp\/v2\/media?parent=165568"}],"wp:term":[{"taxonomy":"category","embeddable":true,"href":"https:\/\/www.messinaoggi.it\/website\/wp-json\/wp\/v2\/categories?post=165568"},{"taxonomy":"post_tag","embeddable":true,"href":"https:\/\/www.messinaoggi.it\/website\/wp-json\/wp\/v2\/tags?post=165568"}],"curies":[{"name":"wp","href":"https:\/\/api.w.org\/{rel}","templated":true}]}}