{"id":165566,"date":"2023-08-07T19:07:56","date_gmt":"2023-08-07T17:07:56","guid":{"rendered":"https:\/\/www.messinaoggi.it\/website\/2023\/08\/07\/zaia-il-pnrr-e-un-treno-che-litalia-non-puo-perdere\/"},"modified":"2023-08-07T19:07:56","modified_gmt":"2023-08-07T17:07:56","slug":"zaia-il-pnrr-e-un-treno-che-litalia-non-puo-perdere","status":"publish","type":"post","link":"https:\/\/www.messinaoggi.it\/website\/2023\/08\/07\/zaia-il-pnrr-e-un-treno-che-litalia-non-puo-perdere\/","title":{"rendered":"Zaia \u201cIl Pnrr \u00e8 un treno che l\u2019Italia non pu\u00f2 perdere\u201d"},"content":{"rendered":"<div>VENEZIA (ITALPRESS) &#8211; &#8220;Il Pnrr \u00e8 un treno che l&#8217;Italia &#8211; e con lei tutte le Regioni &#8211; non pu\u00f2 perdere. Per un fatto economico: queste risorse servono a molti progetti. Ma anche per un fattore d&#8217;immagine: il Paese nella spesa dei fondi deve dimostrare di saper mettere a terra efficienza e organizzazione. Per quanto riguarda il Veneto, l&#8217;ho ribadito anche oggi pi\u00f9 volte, il nostro modello di controllo di gestione \u00e8 pienamente operativo: la Regione ben governa l&#8217;andamento dei progetti, monitorando anche l&#8217;avanzamento di quanto affidato alle amministrazioni Comunali. Aggiungo di pi\u00f9: se dovessero esserci fondi non utilizzati da altre parti d&#8217;Italia chiediamo che vengano dirottati nel nostro territorio&#8221;. Lo afferma il presidente della Regione Veneto, Luca Zaia, al termine dell&#8217;incontro con il ministro per gli Affari europei, le politiche di coesione e il Pnrr Raffaele Fitto.<br \/>&#8220;Ringrazio il Governo &#8211; aggiunge Zaia &#8211; per questo momento di confronto con le Regioni, che segue una serie di interlocuzioni pi\u00f9 in l\u00e0 nel tempo. Ma attenzione, nel piano di rinegoziazione dell&#8217;esecutivo ci sono interventi che possono generare difficolt\u00e0, specie alle amministrazioni dei Comuni: \u00e8 importante che i sindaci possano veder garantiti gli interventi pi\u00f9 importanti per le comunit\u00e0 e i progetti gi\u00e0 cantierati&#8221;, afferma il governatore. &#8220;E&#8217; chiaro che la rinegoziazione si \u00e8 resa necessaria: un Pnrr centralistico e &#8216;calato dall&#8217;alt\u00f2, frutto di scelte errate del passato, ha dimostrato di non essere tarato sulle esigenze contingenti dei nostri territori. Serve riportar dritta la barra del piano: cucendolo in modo sartoriale su quanto serve realmente a cittadini, amministrazioni e imprese&#8221;, conclude Zaia.<br \/>(ITALPRESS).<br \/>&#8211; Foto: Agenzia Fotogramma &#8211;<\/div>\n<div id=\"div-gpt-ad-Messinaoggi.it-DSK-300x250-corpoart\" style=\"text-align:center;margin:0 auto;\"><\/div><\/p><div id=\"videoincontent\" style=\"clear:both\";><\/div>","protected":false},"excerpt":{"rendered":"<p>VENEZIA (ITALPRESS) &#8211; &#8220;Il Pnrr \u00e8 un treno che l&#8217;Italia &#8211; e con lei tutte le Regioni &#8211; non pu\u00f2 perdere. Per un fatto economico: queste risorse servono a molti progetti. Ma anche per un fattore d&#8217;immagine: il Paese nella spesa dei fondi deve dimostrare di saper mettere a terra efficienza e organizzazione. Per quanto [&hellip;]<\/p>\n","protected":false},"author":18,"featured_media":165567,"comment_status":"closed","ping_status":"closed","sticky":false,"template":"","format":"standard","meta":{"ub_ctt_via":"","_mi_skip_tracking":false},"categories":[446],"tags":[783],"featured_image_src":"https:\/\/www.messinaoggi.it\/website\/wp-content\/uploads\/2023\/08\/20230807_1298.jpg","author_info":{"display_name":"Admin","author_link":"https:\/\/www.messinaoggi.it\/website\/author\/admin\/"},"digistream_id":0,"digistream":false,"_links":{"self":[{"href":"https:\/\/www.messinaoggi.it\/website\/wp-json\/wp\/v2\/posts\/165566"}],"collection":[{"href":"https:\/\/www.messinaoggi.it\/website\/wp-json\/wp\/v2\/posts"}],"about":[{"href":"https:\/\/www.messinaoggi.it\/website\/wp-json\/wp\/v2\/types\/post"}],"author":[{"embeddable":true,"href":"https:\/\/www.messinaoggi.it\/website\/wp-json\/wp\/v2\/users\/18"}],"replies":[{"embeddable":true,"href":"https:\/\/www.messinaoggi.it\/website\/wp-json\/wp\/v2\/comments?post=165566"}],"version-history":[{"count":0,"href":"https:\/\/www.messinaoggi.it\/website\/wp-json\/wp\/v2\/posts\/165566\/revisions"}],"wp:featuredmedia":[{"embeddable":true,"href":"https:\/\/www.messinaoggi.it\/website\/wp-json\/wp\/v2\/media\/165567"}],"wp:attachment":[{"href":"https:\/\/www.messinaoggi.it\/website\/wp-json\/wp\/v2\/media?parent=165566"}],"wp:term":[{"taxonomy":"category","embeddable":true,"href":"https:\/\/www.messinaoggi.it\/website\/wp-json\/wp\/v2\/categories?post=165566"},{"taxonomy":"post_tag","embeddable":true,"href":"https:\/\/www.messinaoggi.it\/website\/wp-json\/wp\/v2\/tags?post=165566"}],"curies":[{"name":"wp","href":"https:\/\/api.w.org\/{rel}","templated":true}]}}