{"id":165565,"date":"2023-08-07T18:07:52","date_gmt":"2023-08-07T16:07:52","guid":{"rendered":"https:\/\/www.messinaoggi.it\/website\/2023\/08\/07\/la-russa-esaustive-le-mie-parole-in-aula-sulla-strage-di-bologna\/"},"modified":"2023-08-07T18:07:52","modified_gmt":"2023-08-07T16:07:52","slug":"la-russa-esaustive-le-mie-parole-in-aula-sulla-strage-di-bologna","status":"publish","type":"post","link":"https:\/\/www.messinaoggi.it\/website\/2023\/08\/07\/la-russa-esaustive-le-mie-parole-in-aula-sulla-strage-di-bologna\/","title":{"rendered":"La Russa \u201cEsaustive le mie parole in Aula sulla strage di Bologna"},"content":{"rendered":"<div>ROMA (ITALPRESS) &#8211; &#8220;Dopo la mia commemorazione in Aula per le vittime dell&#8217;attentato terroristico del 2 agosto non ho in alcun modo rilasciato, n\u00e8 personalmente n\u00e8 per interposta persona, alcuna altra dichiarazione o commento in proposito. Credo, d&#8217;altronde, fossero esaustive le mie parole sia sul dovere (&#8216;doverosament\u00e8) del presidente di tutti i senatori di non tacere su una risultanza oggettiva (&#8216;la verit\u00e0 giudiziari\u00e0), sia sul sollecitare ulteriori desecretazioni per fugare ombre e dubbi che tuttora persistono. A queste mie dichiarazioni, rese il 2 agosto, senza null&#8217;altro aggiungere, mi richiamo integralmente&#8221;. Cos\u00ec il presidente del Senato, Ignazio La Russa. <br \/>(ITALPRESS).<br \/>-foto ufficio stampa Senato-<\/div>\n<div id=\"div-gpt-ad-Messinaoggi.it-DSK-300x250-corpoart\" style=\"text-align:center;margin:0 auto;\"><\/div><\/p><div id=\"videoincontent\" style=\"clear:both\";><\/div>","protected":false},"excerpt":{"rendered":"<p>ROMA (ITALPRESS) &#8211; &#8220;Dopo la mia commemorazione in Aula per le vittime dell&#8217;attentato terroristico del 2 agosto non ho in alcun modo rilasciato, n\u00e8 personalmente n\u00e8 per interposta persona, alcuna altra dichiarazione o commento in proposito. Credo, d&#8217;altronde, fossero esaustive le mie parole sia sul dovere (&#8216;doverosament\u00e8) del presidente di tutti i senatori di non [&hellip;]<\/p>\n","protected":false},"author":18,"featured_media":0,"comment_status":"closed","ping_status":"closed","sticky":false,"template":"","format":"standard","meta":{"ub_ctt_via":"","_mi_skip_tracking":false},"categories":[446],"tags":[783],"featured_image_src":null,"author_info":{"display_name":"Admin","author_link":"https:\/\/www.messinaoggi.it\/website\/author\/admin\/"},"digistream_id":0,"digistream":false,"_links":{"self":[{"href":"https:\/\/www.messinaoggi.it\/website\/wp-json\/wp\/v2\/posts\/165565"}],"collection":[{"href":"https:\/\/www.messinaoggi.it\/website\/wp-json\/wp\/v2\/posts"}],"about":[{"href":"https:\/\/www.messinaoggi.it\/website\/wp-json\/wp\/v2\/types\/post"}],"author":[{"embeddable":true,"href":"https:\/\/www.messinaoggi.it\/website\/wp-json\/wp\/v2\/users\/18"}],"replies":[{"embeddable":true,"href":"https:\/\/www.messinaoggi.it\/website\/wp-json\/wp\/v2\/comments?post=165565"}],"version-history":[{"count":0,"href":"https:\/\/www.messinaoggi.it\/website\/wp-json\/wp\/v2\/posts\/165565\/revisions"}],"wp:attachment":[{"href":"https:\/\/www.messinaoggi.it\/website\/wp-json\/wp\/v2\/media?parent=165565"}],"wp:term":[{"taxonomy":"category","embeddable":true,"href":"https:\/\/www.messinaoggi.it\/website\/wp-json\/wp\/v2\/categories?post=165565"},{"taxonomy":"post_tag","embeddable":true,"href":"https:\/\/www.messinaoggi.it\/website\/wp-json\/wp\/v2\/tags?post=165565"}],"curies":[{"name":"wp","href":"https:\/\/api.w.org\/{rel}","templated":true}]}}