{"id":165544,"date":"2023-08-07T16:13:37","date_gmt":"2023-08-07T14:13:37","guid":{"rendered":"http:\/\/www.messinaoggi.it\/website\/?p=165544"},"modified":"2023-08-07T16:13:42","modified_gmt":"2023-08-07T14:13:42","slug":"germana-fatti-concreti-per-messina-e-per-la-sicilia","status":"publish","type":"post","link":"https:\/\/www.messinaoggi.it\/website\/2023\/08\/07\/germana-fatti-concreti-per-messina-e-per-la-sicilia\/","title":{"rendered":"German\u00e0: &#8220;Fatti concreti per Messina e per la Sicilia&#8221;"},"content":{"rendered":"\n<p>&#8220;Con 3 nuovi consiglieri cresce la squadra della Lega a Messina, ora il partito pi\u00f9 rappresentato in Comune, secondo solo al gruppo civico del sindaco, come confermato dal nostro segretario federale. Grazie all\u2019impegno del vice premier Matteo Salvini, che sta concretizzando opere fondamentali per il Sud e per il nostro territorio, come il Ponte sullo Stretto, \u00e8 ormai evidente che il movimento stia raccogliendo sempre pi\u00f9 adesioni, attraendo una classe dirigente alla ricerca di concretezza, dentro una realt\u00e0 politica senza divisioni. In autunno la famiglia della Lega continuer\u00e0 a crescere e non mancheranno le iniziative volte a far conoscere il lavoro che stiamo facendo, contando sulla sinergia tra Parlamento e Assemblea regionale siciliana. Fatti concreti per Messina e per tutta la Sicilia\u201d.<br>Cos\u00ec il senatore messinese della Lega, Nino German\u00e0, a margine della conferenza in cui sono stati annunciati i nuovi ingressi, alla presenza dell\u2019assessore all\u2019Agricoltura Luca Sammartino e del deputato regionale Giuseppe Laccoto.<div id=\"div-gpt-ad-Messinaoggi.it-DSK-300x250-corpoart\" style=\"text-align:center;margin:0 auto;\"><\/div><\/p>\n<div id=\"videoincontent\" style=\"clear:both\";><\/div>","protected":false},"excerpt":{"rendered":"<p>&#8220;Con 3 nuovi consiglieri cresce la squadra della Lega a Messina, ora il partito pi\u00f9 rappresentato in Comune, secondo solo al gruppo civico del sindaco, come confermato dal nostro segretario federale. Grazie all\u2019impegno del vice premier Matteo Salvini, che sta concretizzando opere fondamentali per il Sud e per il nostro territorio, come il Ponte sullo [&hellip;]<\/p>\n","protected":false},"author":4,"featured_media":165545,"comment_status":"open","ping_status":"open","sticky":false,"template":"","format":"standard","meta":{"ub_ctt_via":"","_mi_skip_tracking":false},"categories":[4],"tags":[719,1035,1082,7298],"featured_image_src":"https:\/\/www.messinaoggi.it\/website\/wp-content\/uploads\/2023\/08\/IMG-20230807-WA0035.jpg","author_info":{"display_name":"redme","author_link":"https:\/\/www.messinaoggi.it\/website\/author\/redme\/"},"digistream_id":0,"digistream":false,"_links":{"self":[{"href":"https:\/\/www.messinaoggi.it\/website\/wp-json\/wp\/v2\/posts\/165544"}],"collection":[{"href":"https:\/\/www.messinaoggi.it\/website\/wp-json\/wp\/v2\/posts"}],"about":[{"href":"https:\/\/www.messinaoggi.it\/website\/wp-json\/wp\/v2\/types\/post"}],"author":[{"embeddable":true,"href":"https:\/\/www.messinaoggi.it\/website\/wp-json\/wp\/v2\/users\/4"}],"replies":[{"embeddable":true,"href":"https:\/\/www.messinaoggi.it\/website\/wp-json\/wp\/v2\/comments?post=165544"}],"version-history":[{"count":1,"href":"https:\/\/www.messinaoggi.it\/website\/wp-json\/wp\/v2\/posts\/165544\/revisions"}],"predecessor-version":[{"id":165546,"href":"https:\/\/www.messinaoggi.it\/website\/wp-json\/wp\/v2\/posts\/165544\/revisions\/165546"}],"wp:featuredmedia":[{"embeddable":true,"href":"https:\/\/www.messinaoggi.it\/website\/wp-json\/wp\/v2\/media\/165545"}],"wp:attachment":[{"href":"https:\/\/www.messinaoggi.it\/website\/wp-json\/wp\/v2\/media?parent=165544"}],"wp:term":[{"taxonomy":"category","embeddable":true,"href":"https:\/\/www.messinaoggi.it\/website\/wp-json\/wp\/v2\/categories?post=165544"},{"taxonomy":"post_tag","embeddable":true,"href":"https:\/\/www.messinaoggi.it\/website\/wp-json\/wp\/v2\/tags?post=165544"}],"curies":[{"name":"wp","href":"https:\/\/api.w.org\/{rel}","templated":true}]}}